{"id":1947,"date":"2025-12-31T14:00:00","date_gmt":"2025-12-31T12:00:00","guid":{"rendered":"https:\/\/paikallis-sahko.fi\/?p=1947"},"modified":"2025-12-31T14:03:22","modified_gmt":"2025-12-31T12:03:22","slug":"paikallis-sahkon-kuopion-toimipiste-yhdistyy-mikenti-virtoohon-aluepaallikoissa-muutoksia-vuodenvaihteessa","status":"publish","type":"post","link":"https:\/\/paikallis-sahko.fi\/en\/paikallis-sahkon-kuopion-toimipiste-yhdistyy-mikenti-virtoohon-aluepaallikoissa-muutoksia-vuodenvaihteessa\/","title":{"rendered":"Kuopion toimipiste yhdistyy Mikenti-Virtoohon \u2013 Paikallis-S\u00e4hk\u00f6n aluep\u00e4\u00e4llik\u00f6iss\u00e4 muutoksia vuodenvaihteessa"},"content":{"rendered":"\n<section id=\"default-anchor-69f3760d46dcf\" class=\"block block-content-wrapper container-fluid container-fluid \">\n    <div class=\"container\">\n        <div class=\"row\">\n            <div class=\"col-12 col-lg-8 offset-lg-2\">\n                <main class=\"entry-content\">\n                    \n\n<p class=\"is-style-lead\">Paikallis-S\u00e4hk\u00f6n Kuopion toimipiste siirtyy 1.1.2026 osaksi Nimlas-konsernin toista yrityst\u00e4 Mikenti-Virtoota. Lis\u00e4ksi Paikallis-S\u00e4hk\u00f6 nimitt\u00e4\u00e4 uusia aluep\u00e4\u00e4llik\u00f6it\u00e4 vuodenvaihteessa.<\/p>\n\n\n\n<p>Paikallis-S\u00e4hk\u00f6n Kuopion toimipiste siirtyy osaksi Mikenti-Virtoota. Sek\u00e4 Paikallis-S\u00e4hk\u00f6 ett\u00e4 Mikenti-Virtoo kuuluvat valtakunnalliseen <a href=\"https:\/\/www.nimlas.fi\/\">Nimlas<\/a>-talotekniikkakonserniin. Muutos ei vaikuta asiakkaidemme saamaan palveluun: ty\u00f6t toteutetaan jatkossakin samalla laadulla ja ammattitaidolla kuin ennen. Tutut yhteyshenkil\u00f6t jatkavat samoissa rooleissaan, ja asiakkaiden kanssa sovitut projektit sek\u00e4 huollot jatkuvat keskeytyksett\u00e4.<\/p>\n\n\n\n<p>Kuopion toimipisteen osaaminen vahvistaa Mikenti-Virtoota, joka on Pohjois-Savossa toimiva s\u00e4hk\u00f6- ja LVI-yritys. Mikenti-Virtoo toimii Kuopiossa ja Lepp\u00e4virralla ja ty\u00f6llist\u00e4\u00e4 l\u00e4hes 60 talotekniikan ammattilaista. Yritys syntyi vuonna 2025, kun S\u00e4hk\u00f6asennus Virtoo Oy ja Mikenti Oy:n Lepp\u00e4virran talotekniikkaosasto yhdistyiv\u00e4t. Yhdistyminen toi saman katon alle kattavan s\u00e4hk\u00f6- ja LVI-osaamisen sek\u00e4 vahvan paikallisen tuntemuksen.<\/p>\n\n\n\n<h3 class=\"wp-block-heading\"><strong>Henkil\u00f6st\u00f6muutoksia Paikallis-S\u00e4hk\u00f6n alueorganisaatiossa<\/strong><\/h3>\n\n\n\n<p>Paikallis-S\u00e4hk\u00f6n alueorganisaatiossa tapahtuu henkil\u00f6st\u00f6muutoksia vuodenvaihteessa.<\/p>\n\n\n\n<p><strong>Harri Dyster <\/strong>aloittaa Kajaanin, Sotkamon ja Kuhmon aluep\u00e4\u00e4llikk\u00f6n\u00e4 1.1.2026. Ari H\u00e4rk\u00f6nen siirtyy el\u00e4kkeelle, mutta tukee projektiluontoisesti osaamisellaan Paikallis-S\u00e4hk\u00f6\u00e4.<\/p>\n\n\n\n<p><strong>Esa Kuusela<\/strong> aloittaa Paltamon, Suomussalmen ja Kuusamon aluep\u00e4\u00e4llikk\u00f6n\u00e4 1.1.2026. Risto Pekkala jatkaa ty\u00f6skentely\u00e4 osa-aikaisena.\u00a0<\/p>\n\n\n                <\/main>\n            <\/div>\n\n                    <\/div>\n    <\/div>\n<\/section>\n\n\n<section\n    class=\"block block-articles container-fluid \">\n        <div class=\"container\">\n        <div class=\"row\">\n                        <div class=\"col-12 title-col\">\n                <main class=\"entry-content\">\n                    <h2 class=\"title\">Uusimmat artikkelit<\/h2>\n                <\/main>\n            <\/div>\n            \n                        \n            <div class=\"col-12 col-md-6 col-lg-4 card-col\">\n                \n<div class=\"card card-post\">\n    <div class=\"post-thumbnail\">\n        <a href=\"https:\/\/paikallis-sahko.fi\/en\/paikallis-sahkon-kuopion-toimipiste-yhdistyy-mikenti-virtoohon-aluepaallikoissa-muutoksia-vuodenvaihteessa\/\">\n            <img loading=\"lazy\" decoding=\"async\" width=\"1920\" height=\"1280\" src=\"https:\/\/paikallis-sahko.fi\/wp-content\/uploads\/sites\/2\/2023\/04\/Paikallis-Sahko_110423_web_RM_09700-1920x1280.jpg\" class=\"attachment-post-thumbnail size-post-thumbnail wp-post-image\" alt=\"\" srcset=\"https:\/\/paikallis-sahko.fi\/wp-content\/uploads\/sites\/2\/2023\/04\/Paikallis-Sahko_110423_web_RM_09700-1920x1280.jpg 1920w, https:\/\/paikallis-sahko.fi\/wp-content\/uploads\/sites\/2\/2023\/04\/Paikallis-Sahko_110423_web_RM_09700-300x200.jpg 300w, https:\/\/paikallis-sahko.fi\/wp-content\/uploads\/sites\/2\/2023\/04\/Paikallis-Sahko_110423_web_RM_09700-1024x683.jpg 1024w, https:\/\/paikallis-sahko.fi\/wp-content\/uploads\/sites\/2\/2023\/04\/Paikallis-Sahko_110423_web_RM_09700-768x512.jpg 768w, https:\/\/paikallis-sahko.fi\/wp-content\/uploads\/sites\/2\/2023\/04\/Paikallis-Sahko_110423_web_RM_09700-1536x1024.jpg 1536w, https:\/\/paikallis-sahko.fi\/wp-content\/uploads\/sites\/2\/2023\/04\/Paikallis-Sahko_110423_web_RM_09700.jpg 2048w\" sizes=\"auto, 100vw\" \/>        <\/a>\n    <\/div>\n    <div class=\"post-content\">\n        <div class=\"post-date\">31.12.2025<\/div>\n        <a href=\"https:\/\/paikallis-sahko.fi\/en\/paikallis-sahkon-kuopion-toimipiste-yhdistyy-mikenti-virtoohon-aluepaallikoissa-muutoksia-vuodenvaihteessa\/\">\n            <h2 class=\"post-title h4\"> Kuopion toimipiste yhdistyy Mikenti-Virtoohon \u2013 Paikallis-S\u00e4hk\u00f6n aluep\u00e4\u00e4llik\u00f6iss\u00e4 muutoksia vuodenvaihteessa<\/h2>\n        <\/a>\n        <p class=\"post-excerpt\">Paikallis-S\u00e4hk\u00f6n Kuopion toimipiste siirtyy 1.1.2026 osaksi Nimlas-konsernin toista yrityst\u00e4 Mikenti-Virtoota. Lis\u00e4ksi Paikallis-S\u00e4hk\u00f6 nimitt\u00e4\u00e4 uusia aluep\u00e4\u00e4llik\u00f6it\u00e4&hellip;<\/p>\n            <\/div>\n<\/div>            <\/div>\n\n            \n            <div class=\"col-12 col-md-6 col-lg-4 card-col\">\n                \n<div class=\"card card-post\">\n    <div class=\"post-thumbnail\">\n        <a href=\"https:\/\/paikallis-sahko.fi\/en\/paikallis-sahko-mukana-kajaanin-datakeskushankkeessa\/\">\n            <img loading=\"lazy\" decoding=\"async\" width=\"960\" height=\"511\" src=\"https:\/\/paikallis-sahko.fi\/wp-content\/uploads\/sites\/2\/2025\/08\/adc97e0a-xtx-markets.jpg\" class=\"attachment-post-thumbnail size-post-thumbnail wp-post-image\" alt=\"\" srcset=\"https:\/\/paikallis-sahko.fi\/wp-content\/uploads\/sites\/2\/2025\/08\/adc97e0a-xtx-markets.jpg 960w, https:\/\/paikallis-sahko.fi\/wp-content\/uploads\/sites\/2\/2025\/08\/adc97e0a-xtx-markets-300x160.jpg 300w, https:\/\/paikallis-sahko.fi\/wp-content\/uploads\/sites\/2\/2025\/08\/adc97e0a-xtx-markets-768x409.jpg 768w\" sizes=\"auto, 100vw\" \/>        <\/a>\n    <\/div>\n    <div class=\"post-content\">\n        <div class=\"post-date\">20.8.2025<\/div>\n        <a href=\"https:\/\/paikallis-sahko.fi\/en\/paikallis-sahko-mukana-kajaanin-datakeskushankkeessa\/\">\n            <h2 class=\"post-title h4\"> Paikallis-S\u00e4hk\u00f6 mukana Kajaanin datakeskushankkeessa<\/h2>\n        <\/a>\n        <p class=\"post-excerpt\">Paikallis-S\u00e4hk\u00f6 on mukana toteuttamassa XTX Marketsin laajaa datakeskushanketta Kajaaniin. Ty\u00f6t ovat k\u00e4ynniss\u00e4 ja ensimm\u00e4inen vaihe&hellip;<\/p>\n            <\/div>\n<\/div>            <\/div>\n\n            \n            <div class=\"col-12 col-md-6 col-lg-4 card-col\">\n                \n<div class=\"card card-post\">\n    <div class=\"post-thumbnail\">\n        <a href=\"https:\/\/paikallis-sahko.fi\/en\/kainuulaista-sahkoosaamista-kaukomaille\/\">\n            <img loading=\"lazy\" decoding=\"async\" width=\"1200\" height=\"927\" src=\"https:\/\/paikallis-sahko.fi\/wp-content\/uploads\/sites\/2\/2024\/05\/Kimmo.jpg\" class=\"attachment-post-thumbnail size-post-thumbnail wp-post-image\" alt=\"Paikallis-S\u00e4hk\u00f6n Kimmo Ojalehto paikallisen projektitiimin kanssa Bangladeshin voimalaitosprojektilla.\" srcset=\"https:\/\/paikallis-sahko.fi\/wp-content\/uploads\/sites\/2\/2024\/05\/Kimmo.jpg 1200w, https:\/\/paikallis-sahko.fi\/wp-content\/uploads\/sites\/2\/2024\/05\/Kimmo-300x232.jpg 300w, https:\/\/paikallis-sahko.fi\/wp-content\/uploads\/sites\/2\/2024\/05\/Kimmo-1024x791.jpg 1024w, https:\/\/paikallis-sahko.fi\/wp-content\/uploads\/sites\/2\/2024\/05\/Kimmo-768x593.jpg 768w\" sizes=\"auto, 100vw\" \/>        <\/a>\n    <\/div>\n    <div class=\"post-content\">\n        <div class=\"post-date\">14.5.2024<\/div>\n        <a href=\"https:\/\/paikallis-sahko.fi\/en\/kainuulaista-sahkoosaamista-kaukomaille\/\">\n            <h2 class=\"post-title h4\"> Kainuulaista s\u00e4hk\u00f6osaamista kaukomaille<\/h2>\n        <\/a>\n        <p class=\"post-excerpt\">Paikallis-S\u00e4hk\u00f6n s\u00e4hk\u00f6asentaja Kimmo Ojalehdon viimeisin ulkomaankeikka suuntautui t\u00e4ll\u00e4 kertaa pohjoismaita kauemmas. Bangladeshin kaakkoisosaan on rakenteilla&hellip;<\/p>\n            <\/div>\n<\/div>            <\/div>\n\n                        \n            <div class=\"col-12\">\n                <div class=\"border\"><\/div>\n\n                <div class=\"button-holder\">\n                                        <a href=\"https:\/\/paikallis-sahko.fi\/en\/kainuulaista-sahkoosaamista-kaukomaille\/\"\n                        class=\"button\">Kaikki artikkelimme<\/a>\n                                    <\/div>\n            <\/div>\n        <\/div>\n    <\/div>\n<\/section>","protected":false},"excerpt":{"rendered":"","protected":false},"author":17,"featured_media":315,"comment_status":"closed","ping_status":"closed","sticky":false,"template":"","format":"standard","meta":{"_acf_changed":false,"_relevanssi_hide_post":"","_relevanssi_hide_content":"","_relevanssi_pin_for_all":"","_relevanssi_pin_keywords":"","_relevanssi_unpin_keywords":"","_relevanssi_related_keywords":"","_relevanssi_related_include_ids":"","_relevanssi_related_exclude_ids":"","_relevanssi_related_no_append":"","_relevanssi_related_not_related":"","_relevanssi_related_posts":"1206,1786,1136,1132,1385,1202","_relevanssi_noindex_reason":"","footnotes":""},"categories":[1],"keywords":[],"class_list":["post-1947","post","type-post","status-publish","format-standard","has-post-thumbnail","hentry","category-uncategorized-fi"],"acf":[],"yoast_head":"<!-- This site is optimized with the Yoast SEO plugin v27.4 - https:\/\/yoast.com\/product\/yoast-seo-wordpress\/ -->\n<title>Kuopion toimipiste yhdistyy Mikenti-Virtoohon \u2013 Paikallis-S\u00e4hk\u00f6n aluep\u00e4\u00e4llik\u00f6iss\u00e4 muutoksia vuodenvaihteessa - Paikallis S\u00e4hk\u00f6 Oy<\/title>\n<meta name=\"robots\" content=\"index, follow, max-snippet:-1, max-image-preview:large, max-video-preview:-1\" \/>\n<link rel=\"canonical\" href=\"https:\/\/paikallis-sahko.fi\/en\/paikallis-sahkon-kuopion-toimipiste-yhdistyy-mikenti-virtoohon-aluepaallikoissa-muutoksia-vuodenvaihteessa\/\" \/>\n<meta property=\"og:locale\" content=\"en_US\" \/>\n<meta property=\"og:type\" content=\"article\" \/>\n<meta property=\"og:title\" content=\"Kuopion toimipiste yhdistyy Mikenti-Virtoohon \u2013 Paikallis-S\u00e4hk\u00f6n aluep\u00e4\u00e4llik\u00f6iss\u00e4 muutoksia vuodenvaihteessa - Paikallis S\u00e4hk\u00f6 Oy\" \/>\n<meta property=\"og:url\" content=\"https:\/\/paikallis-sahko.fi\/en\/paikallis-sahkon-kuopion-toimipiste-yhdistyy-mikenti-virtoohon-aluepaallikoissa-muutoksia-vuodenvaihteessa\/\" \/>\n<meta property=\"og:site_name\" content=\"Paikallis S\u00e4hk\u00f6 Oy\" \/>\n<meta property=\"article:publisher\" content=\"https:\/\/www.facebook.com\/p\/Paikallis-Shk-Oy-100063841823277\/\" \/>\n<meta property=\"article:published_time\" content=\"2025-12-31T12:00:00+00:00\" \/>\n<meta property=\"article:modified_time\" content=\"2025-12-31T12:03:22+00:00\" \/>\n<meta property=\"og:image\" content=\"https:\/\/paikallis-sahko.fi\/wp-content\/uploads\/sites\/2\/2023\/04\/Paikallis-Sahko_110423_web_RM_09700.jpg\" \/>\n\t<meta property=\"og:image:width\" content=\"2048\" \/>\n\t<meta property=\"og:image:height\" content=\"1365\" \/>\n\t<meta property=\"og:image:type\" content=\"image\/jpeg\" \/>\n<meta name=\"author\" content=\"annasimula\" \/>\n<meta name=\"twitter:card\" content=\"summary_large_image\" \/>\n<meta name=\"twitter:creator\" content=\"@PSahko\" \/>\n<meta name=\"twitter:site\" content=\"@PSahko\" \/>\n<meta name=\"twitter:label1\" content=\"Written by\" \/>\n\t<meta name=\"twitter:data1\" content=\"annasimula\" \/>\n\t<meta name=\"twitter:label2\" content=\"Est. reading time\" \/>\n\t<meta name=\"twitter:data2\" content=\"4 minutes\" \/>\n<script type=\"application\/ld+json\" class=\"yoast-schema-graph\">{\"@context\":\"https:\\\/\\\/schema.org\",\"@graph\":[{\"@type\":\"Article\",\"@id\":\"https:\\\/\\\/paikallis-sahko.fi\\\/en\\\/paikallis-sahkon-kuopion-toimipiste-yhdistyy-mikenti-virtoohon-aluepaallikoissa-muutoksia-vuodenvaihteessa\\\/#article\",\"isPartOf\":{\"@id\":\"https:\\\/\\\/paikallis-sahko.fi\\\/en\\\/paikallis-sahkon-kuopion-toimipiste-yhdistyy-mikenti-virtoohon-aluepaallikoissa-muutoksia-vuodenvaihteessa\\\/\"},\"author\":{\"name\":\"annasimula\",\"@id\":\"https:\\\/\\\/paikallis-sahko.fi\\\/en\\\/#\\\/schema\\\/person\\\/0ca509204fc68d8910bda87af6cdee77\"},\"headline\":\"Kuopion toimipiste yhdistyy Mikenti-Virtoohon \u2013 Paikallis-S\u00e4hk\u00f6n aluep\u00e4\u00e4llik\u00f6iss\u00e4 muutoksia vuodenvaihteessa\",\"datePublished\":\"2025-12-31T12:00:00+00:00\",\"dateModified\":\"2025-12-31T12:03:22+00:00\",\"mainEntityOfPage\":{\"@id\":\"https:\\\/\\\/paikallis-sahko.fi\\\/en\\\/paikallis-sahkon-kuopion-toimipiste-yhdistyy-mikenti-virtoohon-aluepaallikoissa-muutoksia-vuodenvaihteessa\\\/\"},\"wordCount\":195,\"publisher\":{\"@id\":\"https:\\\/\\\/paikallis-sahko.fi\\\/en\\\/#organization\"},\"image\":{\"@id\":\"https:\\\/\\\/paikallis-sahko.fi\\\/en\\\/paikallis-sahkon-kuopion-toimipiste-yhdistyy-mikenti-virtoohon-aluepaallikoissa-muutoksia-vuodenvaihteessa\\\/#primaryimage\"},\"thumbnailUrl\":\"https:\\\/\\\/paikallis-sahko.fi\\\/wp-content\\\/uploads\\\/sites\\\/2\\\/2023\\\/04\\\/Paikallis-Sahko_110423_web_RM_09700.jpg\",\"articleSection\":[\"Uncategorized @fi\"],\"inLanguage\":\"en-US\"},{\"@type\":\"WebPage\",\"@id\":\"https:\\\/\\\/paikallis-sahko.fi\\\/en\\\/paikallis-sahkon-kuopion-toimipiste-yhdistyy-mikenti-virtoohon-aluepaallikoissa-muutoksia-vuodenvaihteessa\\\/\",\"url\":\"https:\\\/\\\/paikallis-sahko.fi\\\/en\\\/paikallis-sahkon-kuopion-toimipiste-yhdistyy-mikenti-virtoohon-aluepaallikoissa-muutoksia-vuodenvaihteessa\\\/\",\"name\":\"Kuopion toimipiste yhdistyy Mikenti-Virtoohon \u2013 Paikallis-S\u00e4hk\u00f6n aluep\u00e4\u00e4llik\u00f6iss\u00e4 muutoksia vuodenvaihteessa - Paikallis S\u00e4hk\u00f6 Oy\",\"isPartOf\":{\"@id\":\"https:\\\/\\\/paikallis-sahko.fi\\\/en\\\/#website\"},\"primaryImageOfPage\":{\"@id\":\"https:\\\/\\\/paikallis-sahko.fi\\\/en\\\/paikallis-sahkon-kuopion-toimipiste-yhdistyy-mikenti-virtoohon-aluepaallikoissa-muutoksia-vuodenvaihteessa\\\/#primaryimage\"},\"image\":{\"@id\":\"https:\\\/\\\/paikallis-sahko.fi\\\/en\\\/paikallis-sahkon-kuopion-toimipiste-yhdistyy-mikenti-virtoohon-aluepaallikoissa-muutoksia-vuodenvaihteessa\\\/#primaryimage\"},\"thumbnailUrl\":\"https:\\\/\\\/paikallis-sahko.fi\\\/wp-content\\\/uploads\\\/sites\\\/2\\\/2023\\\/04\\\/Paikallis-Sahko_110423_web_RM_09700.jpg\",\"datePublished\":\"2025-12-31T12:00:00+00:00\",\"dateModified\":\"2025-12-31T12:03:22+00:00\",\"breadcrumb\":{\"@id\":\"https:\\\/\\\/paikallis-sahko.fi\\\/en\\\/paikallis-sahkon-kuopion-toimipiste-yhdistyy-mikenti-virtoohon-aluepaallikoissa-muutoksia-vuodenvaihteessa\\\/#breadcrumb\"},\"inLanguage\":\"en-US\",\"potentialAction\":[{\"@type\":\"ReadAction\",\"target\":[\"https:\\\/\\\/paikallis-sahko.fi\\\/en\\\/paikallis-sahkon-kuopion-toimipiste-yhdistyy-mikenti-virtoohon-aluepaallikoissa-muutoksia-vuodenvaihteessa\\\/\"]}]},{\"@type\":\"ImageObject\",\"inLanguage\":\"en-US\",\"@id\":\"https:\\\/\\\/paikallis-sahko.fi\\\/en\\\/paikallis-sahkon-kuopion-toimipiste-yhdistyy-mikenti-virtoohon-aluepaallikoissa-muutoksia-vuodenvaihteessa\\\/#primaryimage\",\"url\":\"https:\\\/\\\/paikallis-sahko.fi\\\/wp-content\\\/uploads\\\/sites\\\/2\\\/2023\\\/04\\\/Paikallis-Sahko_110423_web_RM_09700.jpg\",\"contentUrl\":\"https:\\\/\\\/paikallis-sahko.fi\\\/wp-content\\\/uploads\\\/sites\\\/2\\\/2023\\\/04\\\/Paikallis-Sahko_110423_web_RM_09700.jpg\",\"width\":2048,\"height\":1365},{\"@type\":\"BreadcrumbList\",\"@id\":\"https:\\\/\\\/paikallis-sahko.fi\\\/en\\\/paikallis-sahkon-kuopion-toimipiste-yhdistyy-mikenti-virtoohon-aluepaallikoissa-muutoksia-vuodenvaihteessa\\\/#breadcrumb\",\"itemListElement\":[{\"@type\":\"ListItem\",\"position\":1,\"name\":\"Etusivu\",\"item\":\"https:\\\/\\\/paikallis-sahko.fi\\\/en\\\/\"},{\"@type\":\"ListItem\",\"position\":2,\"name\":\"Kuopion toimipiste yhdistyy Mikenti-Virtoohon \u2013 Paikallis-S\u00e4hk\u00f6n aluep\u00e4\u00e4llik\u00f6iss\u00e4 muutoksia vuodenvaihteessa\"}]},{\"@type\":\"WebSite\",\"@id\":\"https:\\\/\\\/paikallis-sahko.fi\\\/en\\\/#website\",\"url\":\"https:\\\/\\\/paikallis-sahko.fi\\\/en\\\/\",\"name\":\"Paikallis S\u00e4hk\u00f6 Oy\",\"description\":\"Me Paikallis-S\u00e4hk\u00f6ll\u00e4 asennamme, huollamme ja modernisoimme Pohjois-Suomen s\u00e4hk\u00f6j\u00e4 yli 150 ammattilaisen voimin.\",\"publisher\":{\"@id\":\"https:\\\/\\\/paikallis-sahko.fi\\\/en\\\/#organization\"},\"potentialAction\":[{\"@type\":\"SearchAction\",\"target\":{\"@type\":\"EntryPoint\",\"urlTemplate\":\"https:\\\/\\\/paikallis-sahko.fi\\\/en\\\/?s={search_term_string}\"},\"query-input\":{\"@type\":\"PropertyValueSpecification\",\"valueRequired\":true,\"valueName\":\"search_term_string\"}}],\"inLanguage\":\"en-US\"},{\"@type\":\"Organization\",\"@id\":\"https:\\\/\\\/paikallis-sahko.fi\\\/en\\\/#organization\",\"name\":\"Paikallis S\u00e4hk\u00f6 Oy\",\"url\":\"https:\\\/\\\/paikallis-sahko.fi\\\/en\\\/\",\"logo\":{\"@type\":\"ImageObject\",\"inLanguage\":\"en-US\",\"@id\":\"https:\\\/\\\/paikallis-sahko.fi\\\/en\\\/#\\\/schema\\\/logo\\\/image\\\/\",\"url\":\"https:\\\/\\\/paikallis-sahko.fi\\\/wp-content\\\/uploads\\\/sites\\\/2\\\/2023\\\/06\\\/Paikallis-sa\u0308hko\u0308-logo-crop.png\",\"contentUrl\":\"https:\\\/\\\/paikallis-sahko.fi\\\/wp-content\\\/uploads\\\/sites\\\/2\\\/2023\\\/06\\\/Paikallis-sa\u0308hko\u0308-logo-crop.png\",\"width\":834,\"height\":229,\"caption\":\"Paikallis S\u00e4hk\u00f6 Oy\"},\"image\":{\"@id\":\"https:\\\/\\\/paikallis-sahko.fi\\\/en\\\/#\\\/schema\\\/logo\\\/image\\\/\"},\"sameAs\":[\"https:\\\/\\\/www.facebook.com\\\/p\\\/Paikallis-Shk-Oy-100063841823277\\\/\",\"https:\\\/\\\/x.com\\\/PSahko\"]},{\"@type\":\"Person\",\"@id\":\"https:\\\/\\\/paikallis-sahko.fi\\\/en\\\/#\\\/schema\\\/person\\\/0ca509204fc68d8910bda87af6cdee77\",\"name\":\"annasimula\",\"image\":{\"@type\":\"ImageObject\",\"inLanguage\":\"en-US\",\"@id\":\"https:\\\/\\\/secure.gravatar.com\\\/avatar\\\/a2567c3ab174b022ddeacc9fc340238b49fa095de9286d49642adf33277211f9?s=96&d=mm&r=g\",\"url\":\"https:\\\/\\\/secure.gravatar.com\\\/avatar\\\/a2567c3ab174b022ddeacc9fc340238b49fa095de9286d49642adf33277211f9?s=96&d=mm&r=g\",\"contentUrl\":\"https:\\\/\\\/secure.gravatar.com\\\/avatar\\\/a2567c3ab174b022ddeacc9fc340238b49fa095de9286d49642adf33277211f9?s=96&d=mm&r=g\",\"caption\":\"annasimula\"}}]}<\/script>\n<!-- \/ Yoast SEO plugin. -->","yoast_head_json":{"title":"Kuopion toimipiste yhdistyy Mikenti-Virtoohon \u2013 Paikallis-S\u00e4hk\u00f6n aluep\u00e4\u00e4llik\u00f6iss\u00e4 muutoksia vuodenvaihteessa - Paikallis S\u00e4hk\u00f6 Oy","robots":{"index":"index","follow":"follow","max-snippet":"max-snippet:-1","max-image-preview":"max-image-preview:large","max-video-preview":"max-video-preview:-1"},"canonical":"https:\/\/paikallis-sahko.fi\/en\/paikallis-sahkon-kuopion-toimipiste-yhdistyy-mikenti-virtoohon-aluepaallikoissa-muutoksia-vuodenvaihteessa\/","og_locale":"en_US","og_type":"article","og_title":"Kuopion toimipiste yhdistyy Mikenti-Virtoohon \u2013 Paikallis-S\u00e4hk\u00f6n aluep\u00e4\u00e4llik\u00f6iss\u00e4 muutoksia vuodenvaihteessa - Paikallis S\u00e4hk\u00f6 Oy","og_url":"https:\/\/paikallis-sahko.fi\/en\/paikallis-sahkon-kuopion-toimipiste-yhdistyy-mikenti-virtoohon-aluepaallikoissa-muutoksia-vuodenvaihteessa\/","og_site_name":"Paikallis S\u00e4hk\u00f6 Oy","article_publisher":"https:\/\/www.facebook.com\/p\/Paikallis-Shk-Oy-100063841823277\/","article_published_time":"2025-12-31T12:00:00+00:00","article_modified_time":"2025-12-31T12:03:22+00:00","og_image":[{"width":2048,"height":1365,"url":"https:\/\/paikallis-sahko.fi\/wp-content\/uploads\/sites\/2\/2023\/04\/Paikallis-Sahko_110423_web_RM_09700.jpg","type":"image\/jpeg"}],"author":"annasimula","twitter_card":"summary_large_image","twitter_creator":"@PSahko","twitter_site":"@PSahko","twitter_misc":{"Written by":"annasimula","Est. reading time":"4 minutes"},"schema":{"@context":"https:\/\/schema.org","@graph":[{"@type":"Article","@id":"https:\/\/paikallis-sahko.fi\/en\/paikallis-sahkon-kuopion-toimipiste-yhdistyy-mikenti-virtoohon-aluepaallikoissa-muutoksia-vuodenvaihteessa\/#article","isPartOf":{"@id":"https:\/\/paikallis-sahko.fi\/en\/paikallis-sahkon-kuopion-toimipiste-yhdistyy-mikenti-virtoohon-aluepaallikoissa-muutoksia-vuodenvaihteessa\/"},"author":{"name":"annasimula","@id":"https:\/\/paikallis-sahko.fi\/en\/#\/schema\/person\/0ca509204fc68d8910bda87af6cdee77"},"headline":"Kuopion toimipiste yhdistyy Mikenti-Virtoohon \u2013 Paikallis-S\u00e4hk\u00f6n aluep\u00e4\u00e4llik\u00f6iss\u00e4 muutoksia vuodenvaihteessa","datePublished":"2025-12-31T12:00:00+00:00","dateModified":"2025-12-31T12:03:22+00:00","mainEntityOfPage":{"@id":"https:\/\/paikallis-sahko.fi\/en\/paikallis-sahkon-kuopion-toimipiste-yhdistyy-mikenti-virtoohon-aluepaallikoissa-muutoksia-vuodenvaihteessa\/"},"wordCount":195,"publisher":{"@id":"https:\/\/paikallis-sahko.fi\/en\/#organization"},"image":{"@id":"https:\/\/paikallis-sahko.fi\/en\/paikallis-sahkon-kuopion-toimipiste-yhdistyy-mikenti-virtoohon-aluepaallikoissa-muutoksia-vuodenvaihteessa\/#primaryimage"},"thumbnailUrl":"https:\/\/paikallis-sahko.fi\/wp-content\/uploads\/sites\/2\/2023\/04\/Paikallis-Sahko_110423_web_RM_09700.jpg","articleSection":["Uncategorized @fi"],"inLanguage":"en-US"},{"@type":"WebPage","@id":"https:\/\/paikallis-sahko.fi\/en\/paikallis-sahkon-kuopion-toimipiste-yhdistyy-mikenti-virtoohon-aluepaallikoissa-muutoksia-vuodenvaihteessa\/","url":"https:\/\/paikallis-sahko.fi\/en\/paikallis-sahkon-kuopion-toimipiste-yhdistyy-mikenti-virtoohon-aluepaallikoissa-muutoksia-vuodenvaihteessa\/","name":"Kuopion toimipiste yhdistyy Mikenti-Virtoohon \u2013 Paikallis-S\u00e4hk\u00f6n aluep\u00e4\u00e4llik\u00f6iss\u00e4 muutoksia vuodenvaihteessa - Paikallis S\u00e4hk\u00f6 Oy","isPartOf":{"@id":"https:\/\/paikallis-sahko.fi\/en\/#website"},"primaryImageOfPage":{"@id":"https:\/\/paikallis-sahko.fi\/en\/paikallis-sahkon-kuopion-toimipiste-yhdistyy-mikenti-virtoohon-aluepaallikoissa-muutoksia-vuodenvaihteessa\/#primaryimage"},"image":{"@id":"https:\/\/paikallis-sahko.fi\/en\/paikallis-sahkon-kuopion-toimipiste-yhdistyy-mikenti-virtoohon-aluepaallikoissa-muutoksia-vuodenvaihteessa\/#primaryimage"},"thumbnailUrl":"https:\/\/paikallis-sahko.fi\/wp-content\/uploads\/sites\/2\/2023\/04\/Paikallis-Sahko_110423_web_RM_09700.jpg","datePublished":"2025-12-31T12:00:00+00:00","dateModified":"2025-12-31T12:03:22+00:00","breadcrumb":{"@id":"https:\/\/paikallis-sahko.fi\/en\/paikallis-sahkon-kuopion-toimipiste-yhdistyy-mikenti-virtoohon-aluepaallikoissa-muutoksia-vuodenvaihteessa\/#breadcrumb"},"inLanguage":"en-US","potentialAction":[{"@type":"ReadAction","target":["https:\/\/paikallis-sahko.fi\/en\/paikallis-sahkon-kuopion-toimipiste-yhdistyy-mikenti-virtoohon-aluepaallikoissa-muutoksia-vuodenvaihteessa\/"]}]},{"@type":"ImageObject","inLanguage":"en-US","@id":"https:\/\/paikallis-sahko.fi\/en\/paikallis-sahkon-kuopion-toimipiste-yhdistyy-mikenti-virtoohon-aluepaallikoissa-muutoksia-vuodenvaihteessa\/#primaryimage","url":"https:\/\/paikallis-sahko.fi\/wp-content\/uploads\/sites\/2\/2023\/04\/Paikallis-Sahko_110423_web_RM_09700.jpg","contentUrl":"https:\/\/paikallis-sahko.fi\/wp-content\/uploads\/sites\/2\/2023\/04\/Paikallis-Sahko_110423_web_RM_09700.jpg","width":2048,"height":1365},{"@type":"BreadcrumbList","@id":"https:\/\/paikallis-sahko.fi\/en\/paikallis-sahkon-kuopion-toimipiste-yhdistyy-mikenti-virtoohon-aluepaallikoissa-muutoksia-vuodenvaihteessa\/#breadcrumb","itemListElement":[{"@type":"ListItem","position":1,"name":"Etusivu","item":"https:\/\/paikallis-sahko.fi\/en\/"},{"@type":"ListItem","position":2,"name":"Kuopion toimipiste yhdistyy Mikenti-Virtoohon \u2013 Paikallis-S\u00e4hk\u00f6n aluep\u00e4\u00e4llik\u00f6iss\u00e4 muutoksia vuodenvaihteessa"}]},{"@type":"WebSite","@id":"https:\/\/paikallis-sahko.fi\/en\/#website","url":"https:\/\/paikallis-sahko.fi\/en\/","name":"Paikallis S\u00e4hk\u00f6 Oy","description":"Me Paikallis-S\u00e4hk\u00f6ll\u00e4 asennamme, huollamme ja modernisoimme Pohjois-Suomen s\u00e4hk\u00f6j\u00e4 yli 150 ammattilaisen voimin.","publisher":{"@id":"https:\/\/paikallis-sahko.fi\/en\/#organization"},"potentialAction":[{"@type":"SearchAction","target":{"@type":"EntryPoint","urlTemplate":"https:\/\/paikallis-sahko.fi\/en\/?s={search_term_string}"},"query-input":{"@type":"PropertyValueSpecification","valueRequired":true,"valueName":"search_term_string"}}],"inLanguage":"en-US"},{"@type":"Organization","@id":"https:\/\/paikallis-sahko.fi\/en\/#organization","name":"Paikallis S\u00e4hk\u00f6 Oy","url":"https:\/\/paikallis-sahko.fi\/en\/","logo":{"@type":"ImageObject","inLanguage":"en-US","@id":"https:\/\/paikallis-sahko.fi\/en\/#\/schema\/logo\/image\/","url":"https:\/\/paikallis-sahko.fi\/wp-content\/uploads\/sites\/2\/2023\/06\/Paikallis-sa\u0308hko\u0308-logo-crop.png","contentUrl":"https:\/\/paikallis-sahko.fi\/wp-content\/uploads\/sites\/2\/2023\/06\/Paikallis-sa\u0308hko\u0308-logo-crop.png","width":834,"height":229,"caption":"Paikallis S\u00e4hk\u00f6 Oy"},"image":{"@id":"https:\/\/paikallis-sahko.fi\/en\/#\/schema\/logo\/image\/"},"sameAs":["https:\/\/www.facebook.com\/p\/Paikallis-Shk-Oy-100063841823277\/","https:\/\/x.com\/PSahko"]},{"@type":"Person","@id":"https:\/\/paikallis-sahko.fi\/en\/#\/schema\/person\/0ca509204fc68d8910bda87af6cdee77","name":"annasimula","image":{"@type":"ImageObject","inLanguage":"en-US","@id":"https:\/\/secure.gravatar.com\/avatar\/a2567c3ab174b022ddeacc9fc340238b49fa095de9286d49642adf33277211f9?s=96&d=mm&r=g","url":"https:\/\/secure.gravatar.com\/avatar\/a2567c3ab174b022ddeacc9fc340238b49fa095de9286d49642adf33277211f9?s=96&d=mm&r=g","contentUrl":"https:\/\/secure.gravatar.com\/avatar\/a2567c3ab174b022ddeacc9fc340238b49fa095de9286d49642adf33277211f9?s=96&d=mm&r=g","caption":"annasimula"}}]}},"_links":{"self":[{"href":"https:\/\/paikallis-sahko.fi\/en\/wp-json\/wp\/v2\/posts\/1947","targetHints":{"allow":["GET"]}}],"collection":[{"href":"https:\/\/paikallis-sahko.fi\/en\/wp-json\/wp\/v2\/posts"}],"about":[{"href":"https:\/\/paikallis-sahko.fi\/en\/wp-json\/wp\/v2\/types\/post"}],"author":[{"embeddable":true,"href":"https:\/\/paikallis-sahko.fi\/en\/wp-json\/wp\/v2\/users\/17"}],"replies":[{"embeddable":true,"href":"https:\/\/paikallis-sahko.fi\/en\/wp-json\/wp\/v2\/comments?post=1947"}],"version-history":[{"count":2,"href":"https:\/\/paikallis-sahko.fi\/en\/wp-json\/wp\/v2\/posts\/1947\/revisions"}],"predecessor-version":[{"id":1961,"href":"https:\/\/paikallis-sahko.fi\/en\/wp-json\/wp\/v2\/posts\/1947\/revisions\/1961"}],"wp:featuredmedia":[{"embeddable":true,"href":"https:\/\/paikallis-sahko.fi\/en\/wp-json\/wp\/v2\/media\/315"}],"wp:attachment":[{"href":"https:\/\/paikallis-sahko.fi\/en\/wp-json\/wp\/v2\/media?parent=1947"}],"wp:term":[{"taxonomy":"category","embeddable":true,"href":"https:\/\/paikallis-sahko.fi\/en\/wp-json\/wp\/v2\/categories?post=1947"},{"taxonomy":"keywords","embeddable":true,"href":"https:\/\/paikallis-sahko.fi\/en\/wp-json\/wp\/v2\/keywords?post=1947"}],"curies":[{"name":"wp","href":"https:\/\/api.w.org\/{rel}","templated":true}]}}