{"id":1910,"date":"2025-08-20T15:45:02","date_gmt":"2025-08-20T12:45:02","guid":{"rendered":"https:\/\/paikallis-sahko.fi\/?p=1910"},"modified":"2025-08-20T15:45:04","modified_gmt":"2025-08-20T12:45:04","slug":"paikallis-sahko-mukana-kajaanin-datakeskushankkeessa","status":"publish","type":"post","link":"https:\/\/paikallis-sahko.fi\/en\/paikallis-sahko-mukana-kajaanin-datakeskushankkeessa\/","title":{"rendered":"Paikallis-S\u00e4hk\u00f6 mukana Kajaanin datakeskushankkeessa"},"content":{"rendered":"\n<section id=\"default-anchor-69f3760d44716\" class=\"block block-content-wrapper container-fluid container-fluid \">\n    <div class=\"container\">\n        <div class=\"row\">\n            <div class=\"col-12 col-lg-8 offset-lg-2\">\n                <main class=\"entry-content\">\n                    \n\n<p>Paikallis-S\u00e4hk\u00f6 on mukana toteuttamassa XTX Marketsin laajaa datakeskushanketta Kajaaniin. Ty\u00f6t ovat k\u00e4ynniss\u00e4 ja ensimm\u00e4inen vaihe valmistuu vuonna 2026. Ensimm\u00e4inen Kajaaniin nouseva datakeskus on kooltaan 15\u202f000 neli\u00f6metri\u00e4, ja ensimm\u00e4isen vaiheen yhteenlaskettu teho on 22.5 MW.\u00a0Lis\u00e4ksi alueelle rakennetaan teknisi\u00e4\u00a0tiloja, varastoja ja toimistotilat noin 50 henkil\u00f6lle. <\/p>\n\n\n\n<h3 class=\"wp-block-heading\">Hankkeessa hy\u00f6dynnet\u00e4\u00e4n paikallista osaamista<\/h3>\n\n\n\n<p>Paikallis-S\u00e4hk\u00f6 vastaa kahdesta keskeisest\u00e4 s\u00e4hk\u00f6urakasta hankkeessa. Yhti\u00f6 suunnittelee ja toteuttaa s\u00e4hk\u00f6aseman XTX Marketsille. Lis\u00e4ksi Paikallis-S\u00e4hk\u00f6 toteuttaa hankkeen p\u00e4\u00e4urakoitsijana toimivalle YIT:lle p\u00e4\u00e4s\u00e4hk\u00f6njakelu-urakan, joka sis\u00e4lt\u00e4\u00e4 keskij\u00e4nnitekojeistot, kiskosillat, p\u00e4\u00e4keskukset, muuntajat ja keskij\u00e4nnitekaapeloinnit.<\/p>\n\n\n\n<p>\u201dOn hienoa olla j\u00e4lleen mukana kehitt\u00e4m\u00e4ss\u00e4 Kajaanin datakeskusekosysteemi\u00e4 ja p\u00e4\u00e4st\u00e4 hy\u00f6dynt\u00e4m\u00e4\u00e4n aiempaa kokemustamme konesalihankkeista asiakkaan parhaaksi\u201d, Paikallis-S\u00e4hk\u00f6n toimitusjohtaja Timo Ker\u00e4nen kertoo.<\/p>\n\n\n\n<p>Mukana hankkeessa on my\u00f6s LVI-Aitta, toinen QMG-konserniin kuuluva yhti\u00f6 Kajaanista. LVI-Aitta tekee p\u00e4\u00e4urakoitsijalle kiinteist\u00f6n putki- ja ilmanvaihtoty\u00f6t sek\u00e4 s\u00e4hk\u00f6- ja toimistotilojen j\u00e4\u00e4hdytyksen. <br><br><em>Kuva: XTX Markets<\/em><\/p>\n\n\n                <\/main>\n            <\/div>\n\n                    <\/div>\n    <\/div>\n<\/section>\n\n\n<section\n    class=\"block block-articles container-fluid \">\n        <div class=\"container\">\n        <div class=\"row\">\n                        <div class=\"col-12 title-col\">\n                <main class=\"entry-content\">\n                    <h2 class=\"title\">Uusimmat artikkelit<\/h2>\n                <\/main>\n            <\/div>\n            \n                        \n            <div class=\"col-12 col-md-6 col-lg-4 card-col\">\n                \n<div class=\"card card-post\">\n    <div class=\"post-thumbnail\">\n        <a href=\"https:\/\/paikallis-sahko.fi\/en\/paikallis-sahkon-kuopion-toimipiste-yhdistyy-mikenti-virtoohon-aluepaallikoissa-muutoksia-vuodenvaihteessa\/\">\n            <img loading=\"lazy\" decoding=\"async\" width=\"1920\" height=\"1280\" src=\"https:\/\/paikallis-sahko.fi\/wp-content\/uploads\/sites\/2\/2023\/04\/Paikallis-Sahko_110423_web_RM_09700-1920x1280.jpg\" class=\"attachment-post-thumbnail size-post-thumbnail wp-post-image\" alt=\"\" srcset=\"https:\/\/paikallis-sahko.fi\/wp-content\/uploads\/sites\/2\/2023\/04\/Paikallis-Sahko_110423_web_RM_09700-1920x1280.jpg 1920w, https:\/\/paikallis-sahko.fi\/wp-content\/uploads\/sites\/2\/2023\/04\/Paikallis-Sahko_110423_web_RM_09700-300x200.jpg 300w, https:\/\/paikallis-sahko.fi\/wp-content\/uploads\/sites\/2\/2023\/04\/Paikallis-Sahko_110423_web_RM_09700-1024x683.jpg 1024w, https:\/\/paikallis-sahko.fi\/wp-content\/uploads\/sites\/2\/2023\/04\/Paikallis-Sahko_110423_web_RM_09700-768x512.jpg 768w, https:\/\/paikallis-sahko.fi\/wp-content\/uploads\/sites\/2\/2023\/04\/Paikallis-Sahko_110423_web_RM_09700-1536x1024.jpg 1536w, https:\/\/paikallis-sahko.fi\/wp-content\/uploads\/sites\/2\/2023\/04\/Paikallis-Sahko_110423_web_RM_09700.jpg 2048w\" sizes=\"auto, 100vw\" \/>        <\/a>\n    <\/div>\n    <div class=\"post-content\">\n        <div class=\"post-date\">31.12.2025<\/div>\n        <a href=\"https:\/\/paikallis-sahko.fi\/en\/paikallis-sahkon-kuopion-toimipiste-yhdistyy-mikenti-virtoohon-aluepaallikoissa-muutoksia-vuodenvaihteessa\/\">\n            <h2 class=\"post-title h4\"> Kuopion toimipiste yhdistyy Mikenti-Virtoohon \u2013 Paikallis-S\u00e4hk\u00f6n aluep\u00e4\u00e4llik\u00f6iss\u00e4 muutoksia vuodenvaihteessa<\/h2>\n        <\/a>\n        <p class=\"post-excerpt\">Paikallis-S\u00e4hk\u00f6n Kuopion toimipiste siirtyy 1.1.2026 osaksi Nimlas-konsernin toista yrityst\u00e4 Mikenti-Virtoota. Lis\u00e4ksi Paikallis-S\u00e4hk\u00f6 nimitt\u00e4\u00e4 uusia aluep\u00e4\u00e4llik\u00f6it\u00e4&hellip;<\/p>\n            <\/div>\n<\/div>            <\/div>\n\n            \n            <div class=\"col-12 col-md-6 col-lg-4 card-col\">\n                \n<div class=\"card card-post\">\n    <div class=\"post-thumbnail\">\n        <a href=\"https:\/\/paikallis-sahko.fi\/en\/paikallis-sahko-mukana-kajaanin-datakeskushankkeessa\/\">\n            <img loading=\"lazy\" decoding=\"async\" width=\"960\" height=\"511\" src=\"https:\/\/paikallis-sahko.fi\/wp-content\/uploads\/sites\/2\/2025\/08\/adc97e0a-xtx-markets.jpg\" class=\"attachment-post-thumbnail size-post-thumbnail wp-post-image\" alt=\"\" srcset=\"https:\/\/paikallis-sahko.fi\/wp-content\/uploads\/sites\/2\/2025\/08\/adc97e0a-xtx-markets.jpg 960w, https:\/\/paikallis-sahko.fi\/wp-content\/uploads\/sites\/2\/2025\/08\/adc97e0a-xtx-markets-300x160.jpg 300w, https:\/\/paikallis-sahko.fi\/wp-content\/uploads\/sites\/2\/2025\/08\/adc97e0a-xtx-markets-768x409.jpg 768w\" sizes=\"auto, 100vw\" \/>        <\/a>\n    <\/div>\n    <div class=\"post-content\">\n        <div class=\"post-date\">20.8.2025<\/div>\n        <a href=\"https:\/\/paikallis-sahko.fi\/en\/paikallis-sahko-mukana-kajaanin-datakeskushankkeessa\/\">\n            <h2 class=\"post-title h4\"> Paikallis-S\u00e4hk\u00f6 mukana Kajaanin datakeskushankkeessa<\/h2>\n        <\/a>\n        <p class=\"post-excerpt\">Paikallis-S\u00e4hk\u00f6 on mukana toteuttamassa XTX Marketsin laajaa datakeskushanketta Kajaaniin. Ty\u00f6t ovat k\u00e4ynniss\u00e4 ja ensimm\u00e4inen vaihe&hellip;<\/p>\n            <\/div>\n<\/div>            <\/div>\n\n            \n            <div class=\"col-12 col-md-6 col-lg-4 card-col\">\n                \n<div class=\"card card-post\">\n    <div class=\"post-thumbnail\">\n        <a href=\"https:\/\/paikallis-sahko.fi\/en\/kainuulaista-sahkoosaamista-kaukomaille\/\">\n            <img loading=\"lazy\" decoding=\"async\" width=\"1200\" height=\"927\" src=\"https:\/\/paikallis-sahko.fi\/wp-content\/uploads\/sites\/2\/2024\/05\/Kimmo.jpg\" class=\"attachment-post-thumbnail size-post-thumbnail wp-post-image\" alt=\"Paikallis-S\u00e4hk\u00f6n Kimmo Ojalehto paikallisen projektitiimin kanssa Bangladeshin voimalaitosprojektilla.\" srcset=\"https:\/\/paikallis-sahko.fi\/wp-content\/uploads\/sites\/2\/2024\/05\/Kimmo.jpg 1200w, https:\/\/paikallis-sahko.fi\/wp-content\/uploads\/sites\/2\/2024\/05\/Kimmo-300x232.jpg 300w, https:\/\/paikallis-sahko.fi\/wp-content\/uploads\/sites\/2\/2024\/05\/Kimmo-1024x791.jpg 1024w, https:\/\/paikallis-sahko.fi\/wp-content\/uploads\/sites\/2\/2024\/05\/Kimmo-768x593.jpg 768w\" sizes=\"auto, 100vw\" \/>        <\/a>\n    <\/div>\n    <div class=\"post-content\">\n        <div class=\"post-date\">14.5.2024<\/div>\n        <a href=\"https:\/\/paikallis-sahko.fi\/en\/kainuulaista-sahkoosaamista-kaukomaille\/\">\n            <h2 class=\"post-title h4\"> Kainuulaista s\u00e4hk\u00f6osaamista kaukomaille<\/h2>\n        <\/a>\n        <p class=\"post-excerpt\">Paikallis-S\u00e4hk\u00f6n s\u00e4hk\u00f6asentaja Kimmo Ojalehdon viimeisin ulkomaankeikka suuntautui t\u00e4ll\u00e4 kertaa pohjoismaita kauemmas. Bangladeshin kaakkoisosaan on rakenteilla&hellip;<\/p>\n            <\/div>\n<\/div>            <\/div>\n\n                        \n            <div class=\"col-12\">\n                <div class=\"border\"><\/div>\n\n                <div class=\"button-holder\">\n                                        <a href=\"https:\/\/paikallis-sahko.fi\/en\/kainuulaista-sahkoosaamista-kaukomaille\/\"\n                        class=\"button\">Kaikki artikkelimme<\/a>\n                                    <\/div>\n            <\/div>\n        <\/div>\n    <\/div>\n<\/section>","protected":false},"excerpt":{"rendered":"","protected":false},"author":17,"featured_media":1911,"comment_status":"closed","ping_status":"closed","sticky":false,"template":"","format":"standard","meta":{"_acf_changed":false,"_relevanssi_hide_post":"","_relevanssi_hide_content":"","_relevanssi_pin_for_all":"","_relevanssi_pin_keywords":"","_relevanssi_unpin_keywords":"","_relevanssi_related_keywords":"","_relevanssi_related_include_ids":"","_relevanssi_related_exclude_ids":"","_relevanssi_related_no_append":"","_relevanssi_related_not_related":"","_relevanssi_related_posts":"1132,1309,1206,1183,1141,1786","_relevanssi_noindex_reason":"","footnotes":""},"categories":[1],"keywords":[],"class_list":["post-1910","post","type-post","status-publish","format-standard","has-post-thumbnail","hentry","category-uncategorized-fi"],"acf":[],"yoast_head":"<!-- This site is optimized with the Yoast SEO plugin v27.4 - https:\/\/yoast.com\/product\/yoast-seo-wordpress\/ -->\n<title>Paikallis-S\u00e4hk\u00f6 mukana Kajaanin datakeskushankkeessa - Paikallis S\u00e4hk\u00f6 Oy<\/title>\n<meta name=\"robots\" content=\"index, follow, max-snippet:-1, max-image-preview:large, max-video-preview:-1\" \/>\n<link rel=\"canonical\" href=\"https:\/\/paikallis-sahko.fi\/en\/paikallis-sahko-mukana-kajaanin-datakeskushankkeessa\/\" \/>\n<meta property=\"og:locale\" content=\"en_US\" \/>\n<meta property=\"og:type\" content=\"article\" \/>\n<meta property=\"og:title\" content=\"Paikallis-S\u00e4hk\u00f6 mukana Kajaanin datakeskushankkeessa - Paikallis S\u00e4hk\u00f6 Oy\" \/>\n<meta property=\"og:url\" content=\"https:\/\/paikallis-sahko.fi\/en\/paikallis-sahko-mukana-kajaanin-datakeskushankkeessa\/\" \/>\n<meta property=\"og:site_name\" content=\"Paikallis S\u00e4hk\u00f6 Oy\" \/>\n<meta property=\"article:publisher\" content=\"https:\/\/www.facebook.com\/p\/Paikallis-Shk-Oy-100063841823277\/\" \/>\n<meta property=\"article:published_time\" content=\"2025-08-20T12:45:02+00:00\" \/>\n<meta property=\"article:modified_time\" content=\"2025-08-20T12:45:04+00:00\" \/>\n<meta property=\"og:image\" content=\"https:\/\/paikallis-sahko.fi\/wp-content\/uploads\/sites\/2\/2025\/08\/adc97e0a-xtx-markets.jpg\" \/>\n\t<meta property=\"og:image:width\" content=\"960\" \/>\n\t<meta property=\"og:image:height\" content=\"511\" \/>\n\t<meta property=\"og:image:type\" content=\"image\/jpeg\" \/>\n<meta name=\"author\" content=\"annasimula\" \/>\n<meta name=\"twitter:card\" content=\"summary_large_image\" \/>\n<meta name=\"twitter:creator\" content=\"@PSahko\" \/>\n<meta name=\"twitter:site\" content=\"@PSahko\" \/>\n<meta name=\"twitter:label1\" content=\"Written by\" \/>\n\t<meta name=\"twitter:data1\" content=\"annasimula\" \/>\n\t<meta name=\"twitter:label2\" content=\"Est. reading time\" \/>\n\t<meta name=\"twitter:data2\" content=\"3 minutes\" \/>\n<script type=\"application\/ld+json\" class=\"yoast-schema-graph\">{\"@context\":\"https:\\\/\\\/schema.org\",\"@graph\":[{\"@type\":\"Article\",\"@id\":\"https:\\\/\\\/paikallis-sahko.fi\\\/en\\\/paikallis-sahko-mukana-kajaanin-datakeskushankkeessa\\\/#article\",\"isPartOf\":{\"@id\":\"https:\\\/\\\/paikallis-sahko.fi\\\/en\\\/paikallis-sahko-mukana-kajaanin-datakeskushankkeessa\\\/\"},\"author\":{\"name\":\"annasimula\",\"@id\":\"https:\\\/\\\/paikallis-sahko.fi\\\/en\\\/#\\\/schema\\\/person\\\/0ca509204fc68d8910bda87af6cdee77\"},\"headline\":\"Paikallis-S\u00e4hk\u00f6 mukana Kajaanin datakeskushankkeessa\",\"datePublished\":\"2025-08-20T12:45:02+00:00\",\"dateModified\":\"2025-08-20T12:45:04+00:00\",\"mainEntityOfPage\":{\"@id\":\"https:\\\/\\\/paikallis-sahko.fi\\\/en\\\/paikallis-sahko-mukana-kajaanin-datakeskushankkeessa\\\/\"},\"wordCount\":169,\"publisher\":{\"@id\":\"https:\\\/\\\/paikallis-sahko.fi\\\/en\\\/#organization\"},\"image\":{\"@id\":\"https:\\\/\\\/paikallis-sahko.fi\\\/en\\\/paikallis-sahko-mukana-kajaanin-datakeskushankkeessa\\\/#primaryimage\"},\"thumbnailUrl\":\"https:\\\/\\\/paikallis-sahko.fi\\\/wp-content\\\/uploads\\\/sites\\\/2\\\/2025\\\/08\\\/adc97e0a-xtx-markets.jpg\",\"articleSection\":[\"Uncategorized @fi\"],\"inLanguage\":\"en-US\"},{\"@type\":\"WebPage\",\"@id\":\"https:\\\/\\\/paikallis-sahko.fi\\\/en\\\/paikallis-sahko-mukana-kajaanin-datakeskushankkeessa\\\/\",\"url\":\"https:\\\/\\\/paikallis-sahko.fi\\\/en\\\/paikallis-sahko-mukana-kajaanin-datakeskushankkeessa\\\/\",\"name\":\"Paikallis-S\u00e4hk\u00f6 mukana Kajaanin datakeskushankkeessa - Paikallis S\u00e4hk\u00f6 Oy\",\"isPartOf\":{\"@id\":\"https:\\\/\\\/paikallis-sahko.fi\\\/en\\\/#website\"},\"primaryImageOfPage\":{\"@id\":\"https:\\\/\\\/paikallis-sahko.fi\\\/en\\\/paikallis-sahko-mukana-kajaanin-datakeskushankkeessa\\\/#primaryimage\"},\"image\":{\"@id\":\"https:\\\/\\\/paikallis-sahko.fi\\\/en\\\/paikallis-sahko-mukana-kajaanin-datakeskushankkeessa\\\/#primaryimage\"},\"thumbnailUrl\":\"https:\\\/\\\/paikallis-sahko.fi\\\/wp-content\\\/uploads\\\/sites\\\/2\\\/2025\\\/08\\\/adc97e0a-xtx-markets.jpg\",\"datePublished\":\"2025-08-20T12:45:02+00:00\",\"dateModified\":\"2025-08-20T12:45:04+00:00\",\"breadcrumb\":{\"@id\":\"https:\\\/\\\/paikallis-sahko.fi\\\/en\\\/paikallis-sahko-mukana-kajaanin-datakeskushankkeessa\\\/#breadcrumb\"},\"inLanguage\":\"en-US\",\"potentialAction\":[{\"@type\":\"ReadAction\",\"target\":[\"https:\\\/\\\/paikallis-sahko.fi\\\/en\\\/paikallis-sahko-mukana-kajaanin-datakeskushankkeessa\\\/\"]}]},{\"@type\":\"ImageObject\",\"inLanguage\":\"en-US\",\"@id\":\"https:\\\/\\\/paikallis-sahko.fi\\\/en\\\/paikallis-sahko-mukana-kajaanin-datakeskushankkeessa\\\/#primaryimage\",\"url\":\"https:\\\/\\\/paikallis-sahko.fi\\\/wp-content\\\/uploads\\\/sites\\\/2\\\/2025\\\/08\\\/adc97e0a-xtx-markets.jpg\",\"contentUrl\":\"https:\\\/\\\/paikallis-sahko.fi\\\/wp-content\\\/uploads\\\/sites\\\/2\\\/2025\\\/08\\\/adc97e0a-xtx-markets.jpg\",\"width\":960,\"height\":511},{\"@type\":\"BreadcrumbList\",\"@id\":\"https:\\\/\\\/paikallis-sahko.fi\\\/en\\\/paikallis-sahko-mukana-kajaanin-datakeskushankkeessa\\\/#breadcrumb\",\"itemListElement\":[{\"@type\":\"ListItem\",\"position\":1,\"name\":\"Etusivu\",\"item\":\"https:\\\/\\\/paikallis-sahko.fi\\\/en\\\/\"},{\"@type\":\"ListItem\",\"position\":2,\"name\":\"Paikallis-S\u00e4hk\u00f6 mukana Kajaanin datakeskushankkeessa\"}]},{\"@type\":\"WebSite\",\"@id\":\"https:\\\/\\\/paikallis-sahko.fi\\\/en\\\/#website\",\"url\":\"https:\\\/\\\/paikallis-sahko.fi\\\/en\\\/\",\"name\":\"Paikallis S\u00e4hk\u00f6 Oy\",\"description\":\"Me Paikallis-S\u00e4hk\u00f6ll\u00e4 asennamme, huollamme ja modernisoimme Pohjois-Suomen s\u00e4hk\u00f6j\u00e4 yli 150 ammattilaisen voimin.\",\"publisher\":{\"@id\":\"https:\\\/\\\/paikallis-sahko.fi\\\/en\\\/#organization\"},\"potentialAction\":[{\"@type\":\"SearchAction\",\"target\":{\"@type\":\"EntryPoint\",\"urlTemplate\":\"https:\\\/\\\/paikallis-sahko.fi\\\/en\\\/?s={search_term_string}\"},\"query-input\":{\"@type\":\"PropertyValueSpecification\",\"valueRequired\":true,\"valueName\":\"search_term_string\"}}],\"inLanguage\":\"en-US\"},{\"@type\":\"Organization\",\"@id\":\"https:\\\/\\\/paikallis-sahko.fi\\\/en\\\/#organization\",\"name\":\"Paikallis S\u00e4hk\u00f6 Oy\",\"url\":\"https:\\\/\\\/paikallis-sahko.fi\\\/en\\\/\",\"logo\":{\"@type\":\"ImageObject\",\"inLanguage\":\"en-US\",\"@id\":\"https:\\\/\\\/paikallis-sahko.fi\\\/en\\\/#\\\/schema\\\/logo\\\/image\\\/\",\"url\":\"https:\\\/\\\/paikallis-sahko.fi\\\/wp-content\\\/uploads\\\/sites\\\/2\\\/2023\\\/06\\\/Paikallis-sa\u0308hko\u0308-logo-crop.png\",\"contentUrl\":\"https:\\\/\\\/paikallis-sahko.fi\\\/wp-content\\\/uploads\\\/sites\\\/2\\\/2023\\\/06\\\/Paikallis-sa\u0308hko\u0308-logo-crop.png\",\"width\":834,\"height\":229,\"caption\":\"Paikallis S\u00e4hk\u00f6 Oy\"},\"image\":{\"@id\":\"https:\\\/\\\/paikallis-sahko.fi\\\/en\\\/#\\\/schema\\\/logo\\\/image\\\/\"},\"sameAs\":[\"https:\\\/\\\/www.facebook.com\\\/p\\\/Paikallis-Shk-Oy-100063841823277\\\/\",\"https:\\\/\\\/x.com\\\/PSahko\"]},{\"@type\":\"Person\",\"@id\":\"https:\\\/\\\/paikallis-sahko.fi\\\/en\\\/#\\\/schema\\\/person\\\/0ca509204fc68d8910bda87af6cdee77\",\"name\":\"annasimula\",\"image\":{\"@type\":\"ImageObject\",\"inLanguage\":\"en-US\",\"@id\":\"https:\\\/\\\/secure.gravatar.com\\\/avatar\\\/a2567c3ab174b022ddeacc9fc340238b49fa095de9286d49642adf33277211f9?s=96&d=mm&r=g\",\"url\":\"https:\\\/\\\/secure.gravatar.com\\\/avatar\\\/a2567c3ab174b022ddeacc9fc340238b49fa095de9286d49642adf33277211f9?s=96&d=mm&r=g\",\"contentUrl\":\"https:\\\/\\\/secure.gravatar.com\\\/avatar\\\/a2567c3ab174b022ddeacc9fc340238b49fa095de9286d49642adf33277211f9?s=96&d=mm&r=g\",\"caption\":\"annasimula\"}}]}<\/script>\n<!-- \/ Yoast SEO plugin. -->","yoast_head_json":{"title":"Paikallis-S\u00e4hk\u00f6 mukana Kajaanin datakeskushankkeessa - Paikallis S\u00e4hk\u00f6 Oy","robots":{"index":"index","follow":"follow","max-snippet":"max-snippet:-1","max-image-preview":"max-image-preview:large","max-video-preview":"max-video-preview:-1"},"canonical":"https:\/\/paikallis-sahko.fi\/en\/paikallis-sahko-mukana-kajaanin-datakeskushankkeessa\/","og_locale":"en_US","og_type":"article","og_title":"Paikallis-S\u00e4hk\u00f6 mukana Kajaanin datakeskushankkeessa - Paikallis S\u00e4hk\u00f6 Oy","og_url":"https:\/\/paikallis-sahko.fi\/en\/paikallis-sahko-mukana-kajaanin-datakeskushankkeessa\/","og_site_name":"Paikallis S\u00e4hk\u00f6 Oy","article_publisher":"https:\/\/www.facebook.com\/p\/Paikallis-Shk-Oy-100063841823277\/","article_published_time":"2025-08-20T12:45:02+00:00","article_modified_time":"2025-08-20T12:45:04+00:00","og_image":[{"width":960,"height":511,"url":"https:\/\/paikallis-sahko.fi\/wp-content\/uploads\/sites\/2\/2025\/08\/adc97e0a-xtx-markets.jpg","type":"image\/jpeg"}],"author":"annasimula","twitter_card":"summary_large_image","twitter_creator":"@PSahko","twitter_site":"@PSahko","twitter_misc":{"Written by":"annasimula","Est. reading time":"3 minutes"},"schema":{"@context":"https:\/\/schema.org","@graph":[{"@type":"Article","@id":"https:\/\/paikallis-sahko.fi\/en\/paikallis-sahko-mukana-kajaanin-datakeskushankkeessa\/#article","isPartOf":{"@id":"https:\/\/paikallis-sahko.fi\/en\/paikallis-sahko-mukana-kajaanin-datakeskushankkeessa\/"},"author":{"name":"annasimula","@id":"https:\/\/paikallis-sahko.fi\/en\/#\/schema\/person\/0ca509204fc68d8910bda87af6cdee77"},"headline":"Paikallis-S\u00e4hk\u00f6 mukana Kajaanin datakeskushankkeessa","datePublished":"2025-08-20T12:45:02+00:00","dateModified":"2025-08-20T12:45:04+00:00","mainEntityOfPage":{"@id":"https:\/\/paikallis-sahko.fi\/en\/paikallis-sahko-mukana-kajaanin-datakeskushankkeessa\/"},"wordCount":169,"publisher":{"@id":"https:\/\/paikallis-sahko.fi\/en\/#organization"},"image":{"@id":"https:\/\/paikallis-sahko.fi\/en\/paikallis-sahko-mukana-kajaanin-datakeskushankkeessa\/#primaryimage"},"thumbnailUrl":"https:\/\/paikallis-sahko.fi\/wp-content\/uploads\/sites\/2\/2025\/08\/adc97e0a-xtx-markets.jpg","articleSection":["Uncategorized @fi"],"inLanguage":"en-US"},{"@type":"WebPage","@id":"https:\/\/paikallis-sahko.fi\/en\/paikallis-sahko-mukana-kajaanin-datakeskushankkeessa\/","url":"https:\/\/paikallis-sahko.fi\/en\/paikallis-sahko-mukana-kajaanin-datakeskushankkeessa\/","name":"Paikallis-S\u00e4hk\u00f6 mukana Kajaanin datakeskushankkeessa - Paikallis S\u00e4hk\u00f6 Oy","isPartOf":{"@id":"https:\/\/paikallis-sahko.fi\/en\/#website"},"primaryImageOfPage":{"@id":"https:\/\/paikallis-sahko.fi\/en\/paikallis-sahko-mukana-kajaanin-datakeskushankkeessa\/#primaryimage"},"image":{"@id":"https:\/\/paikallis-sahko.fi\/en\/paikallis-sahko-mukana-kajaanin-datakeskushankkeessa\/#primaryimage"},"thumbnailUrl":"https:\/\/paikallis-sahko.fi\/wp-content\/uploads\/sites\/2\/2025\/08\/adc97e0a-xtx-markets.jpg","datePublished":"2025-08-20T12:45:02+00:00","dateModified":"2025-08-20T12:45:04+00:00","breadcrumb":{"@id":"https:\/\/paikallis-sahko.fi\/en\/paikallis-sahko-mukana-kajaanin-datakeskushankkeessa\/#breadcrumb"},"inLanguage":"en-US","potentialAction":[{"@type":"ReadAction","target":["https:\/\/paikallis-sahko.fi\/en\/paikallis-sahko-mukana-kajaanin-datakeskushankkeessa\/"]}]},{"@type":"ImageObject","inLanguage":"en-US","@id":"https:\/\/paikallis-sahko.fi\/en\/paikallis-sahko-mukana-kajaanin-datakeskushankkeessa\/#primaryimage","url":"https:\/\/paikallis-sahko.fi\/wp-content\/uploads\/sites\/2\/2025\/08\/adc97e0a-xtx-markets.jpg","contentUrl":"https:\/\/paikallis-sahko.fi\/wp-content\/uploads\/sites\/2\/2025\/08\/adc97e0a-xtx-markets.jpg","width":960,"height":511},{"@type":"BreadcrumbList","@id":"https:\/\/paikallis-sahko.fi\/en\/paikallis-sahko-mukana-kajaanin-datakeskushankkeessa\/#breadcrumb","itemListElement":[{"@type":"ListItem","position":1,"name":"Etusivu","item":"https:\/\/paikallis-sahko.fi\/en\/"},{"@type":"ListItem","position":2,"name":"Paikallis-S\u00e4hk\u00f6 mukana Kajaanin datakeskushankkeessa"}]},{"@type":"WebSite","@id":"https:\/\/paikallis-sahko.fi\/en\/#website","url":"https:\/\/paikallis-sahko.fi\/en\/","name":"Paikallis S\u00e4hk\u00f6 Oy","description":"Me Paikallis-S\u00e4hk\u00f6ll\u00e4 asennamme, huollamme ja modernisoimme Pohjois-Suomen s\u00e4hk\u00f6j\u00e4 yli 150 ammattilaisen voimin.","publisher":{"@id":"https:\/\/paikallis-sahko.fi\/en\/#organization"},"potentialAction":[{"@type":"SearchAction","target":{"@type":"EntryPoint","urlTemplate":"https:\/\/paikallis-sahko.fi\/en\/?s={search_term_string}"},"query-input":{"@type":"PropertyValueSpecification","valueRequired":true,"valueName":"search_term_string"}}],"inLanguage":"en-US"},{"@type":"Organization","@id":"https:\/\/paikallis-sahko.fi\/en\/#organization","name":"Paikallis S\u00e4hk\u00f6 Oy","url":"https:\/\/paikallis-sahko.fi\/en\/","logo":{"@type":"ImageObject","inLanguage":"en-US","@id":"https:\/\/paikallis-sahko.fi\/en\/#\/schema\/logo\/image\/","url":"https:\/\/paikallis-sahko.fi\/wp-content\/uploads\/sites\/2\/2023\/06\/Paikallis-sa\u0308hko\u0308-logo-crop.png","contentUrl":"https:\/\/paikallis-sahko.fi\/wp-content\/uploads\/sites\/2\/2023\/06\/Paikallis-sa\u0308hko\u0308-logo-crop.png","width":834,"height":229,"caption":"Paikallis S\u00e4hk\u00f6 Oy"},"image":{"@id":"https:\/\/paikallis-sahko.fi\/en\/#\/schema\/logo\/image\/"},"sameAs":["https:\/\/www.facebook.com\/p\/Paikallis-Shk-Oy-100063841823277\/","https:\/\/x.com\/PSahko"]},{"@type":"Person","@id":"https:\/\/paikallis-sahko.fi\/en\/#\/schema\/person\/0ca509204fc68d8910bda87af6cdee77","name":"annasimula","image":{"@type":"ImageObject","inLanguage":"en-US","@id":"https:\/\/secure.gravatar.com\/avatar\/a2567c3ab174b022ddeacc9fc340238b49fa095de9286d49642adf33277211f9?s=96&d=mm&r=g","url":"https:\/\/secure.gravatar.com\/avatar\/a2567c3ab174b022ddeacc9fc340238b49fa095de9286d49642adf33277211f9?s=96&d=mm&r=g","contentUrl":"https:\/\/secure.gravatar.com\/avatar\/a2567c3ab174b022ddeacc9fc340238b49fa095de9286d49642adf33277211f9?s=96&d=mm&r=g","caption":"annasimula"}}]}},"_links":{"self":[{"href":"https:\/\/paikallis-sahko.fi\/en\/wp-json\/wp\/v2\/posts\/1910","targetHints":{"allow":["GET"]}}],"collection":[{"href":"https:\/\/paikallis-sahko.fi\/en\/wp-json\/wp\/v2\/posts"}],"about":[{"href":"https:\/\/paikallis-sahko.fi\/en\/wp-json\/wp\/v2\/types\/post"}],"author":[{"embeddable":true,"href":"https:\/\/paikallis-sahko.fi\/en\/wp-json\/wp\/v2\/users\/17"}],"replies":[{"embeddable":true,"href":"https:\/\/paikallis-sahko.fi\/en\/wp-json\/wp\/v2\/comments?post=1910"}],"version-history":[{"count":1,"href":"https:\/\/paikallis-sahko.fi\/en\/wp-json\/wp\/v2\/posts\/1910\/revisions"}],"predecessor-version":[{"id":1913,"href":"https:\/\/paikallis-sahko.fi\/en\/wp-json\/wp\/v2\/posts\/1910\/revisions\/1913"}],"wp:featuredmedia":[{"embeddable":true,"href":"https:\/\/paikallis-sahko.fi\/en\/wp-json\/wp\/v2\/media\/1911"}],"wp:attachment":[{"href":"https:\/\/paikallis-sahko.fi\/en\/wp-json\/wp\/v2\/media?parent=1910"}],"wp:term":[{"taxonomy":"category","embeddable":true,"href":"https:\/\/paikallis-sahko.fi\/en\/wp-json\/wp\/v2\/categories?post=1910"},{"taxonomy":"keywords","embeddable":true,"href":"https:\/\/paikallis-sahko.fi\/en\/wp-json\/wp\/v2\/keywords?post=1910"}],"curies":[{"name":"wp","href":"https:\/\/api.w.org\/{rel}","templated":true}]}}