{"id":1786,"date":"2024-04-29T09:00:00","date_gmt":"2024-04-29T06:00:00","guid":{"rendered":"https:\/\/paikallis-sahko.fi\/?p=1786"},"modified":"2024-04-26T14:17:35","modified_gmt":"2024-04-26T11:17:35","slug":"lvi-aitta-ja-paikallis-sahko-avaavat-yhteisen-toimipaikan-sotkamossa","status":"publish","type":"post","link":"https:\/\/paikallis-sahko.fi\/en\/lvi-aitta-ja-paikallis-sahko-avaavat-yhteisen-toimipaikan-sotkamossa\/","title":{"rendered":"LVI-Aitta ja Paikallis-S\u00e4hk\u00f6 avaavat yhteisen toimipaikan Sotkamossa"},"content":{"rendered":"\n<section id=\"default-anchor-69f3893ec7e9e\" class=\"block block-content-wrapper container-fluid container-fluid \">\n    <div class=\"container\">\n        <div class=\"row\">\n            <div class=\"col-12 col-lg-8 offset-lg-2\">\n                <main class=\"entry-content\">\n                    \n\n<p>Kainuulaiset talotekniikkayritykset LVI-Aitta ja Paikallis-S\u00e4hk\u00f6 avaavat Sotkamossa yhteisen toimipaikan torstaina 2.5. osoitteessa Kainuuntie 6, 88600 Sotkamo. Yhti\u00f6t ty\u00f6llist\u00e4v\u00e4t Kainuussa noin sata ammattilaista ja koko Pohjois-Suomen alueella yli 200.<\/p>\n\n\n\n<p>LVI-Aitta ja Paikallis-S\u00e4hk\u00f6 tarjoavat palveluita putkiremontteihin, ilmanvaihtoon, s\u00e4hk\u00f6istykseen ja s\u00e4hk\u00f6korjauksiin sek\u00e4 uusien teknologioiden, kuten aurinkos\u00e4hk\u00f6\u00f6n ja s\u00e4hk\u00f6autojen lataukseen. Niiden asiakkaita ovat kotitaloudet, yritykset ja julkinen sektori.<\/p>\n\n\n\n<p>\u2013 Pid\u00e4mme Kainuun talotekniikkamarkkinan kehityst\u00e4 lupaavana johtuen viimeaikaisista investointiuutisista energiantuotantoon, teollisuuteen ja matkailuun. Ajanmukaisia LVI- ja s\u00e4hk\u00f6ratkaisuja tarvitaan niin uudis- kuin korjausrakentamisessa. Haluamme tarjota niit\u00e4 paikallisin asiantuntijavoimin asennettuna ja huollettuna. Pid\u00e4mme yll\u00e4 talotekniikan ammattiosaamista Kainuussa, kertovat Ville H\u00e4linen ja Timo Ker\u00e4nen.<\/p>\n\n\n\n<p>Avajaisp\u00e4iv\u00e4n\u00e4 2.5. Sotkamossa on tarjolla paljon neuvontaa LVI- ja s\u00e4hk\u00f6tekniikan kysymyksiss\u00e4, avajaistarjouksia sek\u00e4 tuote-esittelyj\u00e4. Yhti\u00f6iden omien asiantuntijoiden lis\u00e4ksi Toshiba esittelee uusimpia ilmal\u00e4mp\u00f6pumppuja, ja Pumppulohja kertoo kes\u00e4m\u00f6kkien ja suurempien kiinteist\u00f6jen pumppuratkaisuista. Samalla voi keskustella remonteista ja kotitalousv\u00e4hennyksen hy\u00f6dynt\u00e4misest\u00e4. Paikalla on kahvitarjoilu sek\u00e4 200 nopeimmalle kuumia kainuulaisia muikkuja suoraan pannusta.<\/p>\n\n\n\n<p>LVI-Aitta ja Paikallis-S\u00e4hk\u00f6 kuuluvat valtakunnalliseen QMG-konserniin, jolla on Suomen laajin talotekniikan palveluvalikoima. Se kattaa LVI-, s\u00e4hk\u00f6, kylm\u00e4-, automaatio- ja energiatehokkuusratkaisut sek\u00e4 turvatekniikan ja paloturvallisuuden j\u00e4rjestelm\u00e4t.<\/p>\n\n\n\n<p><em>Kuva: Paikallis-S\u00e4hk\u00f6n Juha Niskanen yhdess\u00e4 LVI-Aitan Pekka Oittisen ja Jari Suutarin kanssa varmistavat, ett\u00e4 asiakkaat l\u00f6yt\u00e4v\u00e4t oikeat ratkaisut Sotkamossa.<\/em><\/p>\n\n\n\n<p>Lis\u00e4tietoja:<\/p>\n\n\n\n<p>Ville H\u00e4linen, toimitusjohtaja, LVI-Aitta Oy, ville.halinen@lvi-aitta.fi, 010\u00a0837 3101<\/p>\n\n\n\n<p>Timo Ker\u00e4nen, toimitusjohtaja, Paikallis-S\u00e4hk\u00f6 Oy, timo.keranen@paikallis-sahko.fi, 045\u00a0605 9717<\/p>\n\n\n\n<p><\/p>\n\n\n                <\/main>\n            <\/div>\n\n                    <\/div>\n    <\/div>\n<\/section>\n\n\n<section\n    class=\"block block-articles container-fluid \">\n        <div class=\"container\">\n        <div class=\"row\">\n                        <div class=\"col-12 title-col\">\n                <main class=\"entry-content\">\n                    <h2 class=\"title\">Uusimmat artikkelit<\/h2>\n                <\/main>\n            <\/div>\n            \n                        \n            <div class=\"col-12 col-md-6 col-lg-4 card-col\">\n                \n<div class=\"card card-post\">\n    <div class=\"post-thumbnail\">\n        <a href=\"https:\/\/paikallis-sahko.fi\/en\/paikallis-sahkon-kuopion-toimipiste-yhdistyy-mikenti-virtoohon-aluepaallikoissa-muutoksia-vuodenvaihteessa\/\">\n            <img loading=\"lazy\" decoding=\"async\" width=\"1920\" height=\"1280\" src=\"https:\/\/paikallis-sahko.fi\/wp-content\/uploads\/sites\/2\/2023\/04\/Paikallis-Sahko_110423_web_RM_09700-1920x1280.jpg\" class=\"attachment-post-thumbnail size-post-thumbnail wp-post-image\" alt=\"\" srcset=\"https:\/\/paikallis-sahko.fi\/wp-content\/uploads\/sites\/2\/2023\/04\/Paikallis-Sahko_110423_web_RM_09700-1920x1280.jpg 1920w, https:\/\/paikallis-sahko.fi\/wp-content\/uploads\/sites\/2\/2023\/04\/Paikallis-Sahko_110423_web_RM_09700-300x200.jpg 300w, https:\/\/paikallis-sahko.fi\/wp-content\/uploads\/sites\/2\/2023\/04\/Paikallis-Sahko_110423_web_RM_09700-1024x683.jpg 1024w, https:\/\/paikallis-sahko.fi\/wp-content\/uploads\/sites\/2\/2023\/04\/Paikallis-Sahko_110423_web_RM_09700-768x512.jpg 768w, https:\/\/paikallis-sahko.fi\/wp-content\/uploads\/sites\/2\/2023\/04\/Paikallis-Sahko_110423_web_RM_09700-1536x1024.jpg 1536w, https:\/\/paikallis-sahko.fi\/wp-content\/uploads\/sites\/2\/2023\/04\/Paikallis-Sahko_110423_web_RM_09700.jpg 2048w\" sizes=\"auto, 100vw\" \/>        <\/a>\n    <\/div>\n    <div class=\"post-content\">\n        <div class=\"post-date\">31.12.2025<\/div>\n        <a href=\"https:\/\/paikallis-sahko.fi\/en\/paikallis-sahkon-kuopion-toimipiste-yhdistyy-mikenti-virtoohon-aluepaallikoissa-muutoksia-vuodenvaihteessa\/\">\n            <h2 class=\"post-title h4\"> Kuopion toimipiste yhdistyy Mikenti-Virtoohon \u2013 Paikallis-S\u00e4hk\u00f6n aluep\u00e4\u00e4llik\u00f6iss\u00e4 muutoksia vuodenvaihteessa<\/h2>\n        <\/a>\n        <p class=\"post-excerpt\">Paikallis-S\u00e4hk\u00f6n Kuopion toimipiste siirtyy 1.1.2026 osaksi Nimlas-konsernin toista yrityst\u00e4 Mikenti-Virtoota. Lis\u00e4ksi Paikallis-S\u00e4hk\u00f6 nimitt\u00e4\u00e4 uusia aluep\u00e4\u00e4llik\u00f6it\u00e4&hellip;<\/p>\n            <\/div>\n<\/div>            <\/div>\n\n            \n            <div class=\"col-12 col-md-6 col-lg-4 card-col\">\n                \n<div class=\"card card-post\">\n    <div class=\"post-thumbnail\">\n        <a href=\"https:\/\/paikallis-sahko.fi\/en\/paikallis-sahko-mukana-kajaanin-datakeskushankkeessa\/\">\n            <img loading=\"lazy\" decoding=\"async\" width=\"960\" height=\"511\" src=\"https:\/\/paikallis-sahko.fi\/wp-content\/uploads\/sites\/2\/2025\/08\/adc97e0a-xtx-markets.jpg\" class=\"attachment-post-thumbnail size-post-thumbnail wp-post-image\" alt=\"\" srcset=\"https:\/\/paikallis-sahko.fi\/wp-content\/uploads\/sites\/2\/2025\/08\/adc97e0a-xtx-markets.jpg 960w, https:\/\/paikallis-sahko.fi\/wp-content\/uploads\/sites\/2\/2025\/08\/adc97e0a-xtx-markets-300x160.jpg 300w, https:\/\/paikallis-sahko.fi\/wp-content\/uploads\/sites\/2\/2025\/08\/adc97e0a-xtx-markets-768x409.jpg 768w\" sizes=\"auto, 100vw\" \/>        <\/a>\n    <\/div>\n    <div class=\"post-content\">\n        <div class=\"post-date\">20.8.2025<\/div>\n        <a href=\"https:\/\/paikallis-sahko.fi\/en\/paikallis-sahko-mukana-kajaanin-datakeskushankkeessa\/\">\n            <h2 class=\"post-title h4\"> Paikallis-S\u00e4hk\u00f6 mukana Kajaanin datakeskushankkeessa<\/h2>\n        <\/a>\n        <p class=\"post-excerpt\">Paikallis-S\u00e4hk\u00f6 on mukana toteuttamassa XTX Marketsin laajaa datakeskushanketta Kajaaniin. Ty\u00f6t ovat k\u00e4ynniss\u00e4 ja ensimm\u00e4inen vaihe&hellip;<\/p>\n            <\/div>\n<\/div>            <\/div>\n\n            \n            <div class=\"col-12 col-md-6 col-lg-4 card-col\">\n                \n<div class=\"card card-post\">\n    <div class=\"post-thumbnail\">\n        <a href=\"https:\/\/paikallis-sahko.fi\/en\/kainuulaista-sahkoosaamista-kaukomaille\/\">\n            <img loading=\"lazy\" decoding=\"async\" width=\"1200\" height=\"927\" src=\"https:\/\/paikallis-sahko.fi\/wp-content\/uploads\/sites\/2\/2024\/05\/Kimmo.jpg\" class=\"attachment-post-thumbnail size-post-thumbnail wp-post-image\" alt=\"Paikallis-S\u00e4hk\u00f6n Kimmo Ojalehto paikallisen projektitiimin kanssa Bangladeshin voimalaitosprojektilla.\" srcset=\"https:\/\/paikallis-sahko.fi\/wp-content\/uploads\/sites\/2\/2024\/05\/Kimmo.jpg 1200w, https:\/\/paikallis-sahko.fi\/wp-content\/uploads\/sites\/2\/2024\/05\/Kimmo-300x232.jpg 300w, https:\/\/paikallis-sahko.fi\/wp-content\/uploads\/sites\/2\/2024\/05\/Kimmo-1024x791.jpg 1024w, https:\/\/paikallis-sahko.fi\/wp-content\/uploads\/sites\/2\/2024\/05\/Kimmo-768x593.jpg 768w\" sizes=\"auto, 100vw\" \/>        <\/a>\n    <\/div>\n    <div class=\"post-content\">\n        <div class=\"post-date\">14.5.2024<\/div>\n        <a href=\"https:\/\/paikallis-sahko.fi\/en\/kainuulaista-sahkoosaamista-kaukomaille\/\">\n            <h2 class=\"post-title h4\"> Kainuulaista s\u00e4hk\u00f6osaamista kaukomaille<\/h2>\n        <\/a>\n        <p class=\"post-excerpt\">Paikallis-S\u00e4hk\u00f6n s\u00e4hk\u00f6asentaja Kimmo Ojalehdon viimeisin ulkomaankeikka suuntautui t\u00e4ll\u00e4 kertaa pohjoismaita kauemmas. Bangladeshin kaakkoisosaan on rakenteilla&hellip;<\/p>\n            <\/div>\n<\/div>            <\/div>\n\n                        \n            <div class=\"col-12\">\n                <div class=\"border\"><\/div>\n\n                <div class=\"button-holder\">\n                                        <a href=\"https:\/\/paikallis-sahko.fi\/en\/kainuulaista-sahkoosaamista-kaukomaille\/\"\n                        class=\"button\">Kaikki artikkelimme<\/a>\n                                    <\/div>\n            <\/div>\n        <\/div>\n    <\/div>\n<\/section>","protected":false},"excerpt":{"rendered":"","protected":false},"author":2,"featured_media":1787,"comment_status":"closed","ping_status":"open","sticky":false,"template":"","format":"standard","meta":{"_acf_changed":false,"_relevanssi_hide_post":"","_relevanssi_hide_content":"","_relevanssi_pin_for_all":"","_relevanssi_pin_keywords":"","_relevanssi_unpin_keywords":"","_relevanssi_related_keywords":"","_relevanssi_related_include_ids":"","_relevanssi_related_exclude_ids":"","_relevanssi_related_no_append":"","_relevanssi_related_not_related":"","_relevanssi_related_posts":"1136,1206,1183,1385,1141,1204","_relevanssi_noindex_reason":"","footnotes":""},"categories":[1],"keywords":[],"class_list":["post-1786","post","type-post","status-publish","format-standard","has-post-thumbnail","hentry","category-uncategorized-fi"],"acf":[],"yoast_head":"<!-- This site is optimized with the Yoast SEO plugin v27.4 - https:\/\/yoast.com\/product\/yoast-seo-wordpress\/ -->\n<title>LVI-Aitta ja Paikallis-S\u00e4hk\u00f6 avaavat yhteisen toimipaikan Sotkamossa - Paikallis S\u00e4hk\u00f6 Oy<\/title>\n<meta name=\"robots\" content=\"index, follow, max-snippet:-1, max-image-preview:large, max-video-preview:-1\" \/>\n<link rel=\"canonical\" href=\"https:\/\/paikallis-sahko.fi\/en\/lvi-aitta-ja-paikallis-sahko-avaavat-yhteisen-toimipaikan-sotkamossa\/\" \/>\n<meta property=\"og:locale\" content=\"en_US\" \/>\n<meta property=\"og:type\" content=\"article\" \/>\n<meta property=\"og:title\" content=\"LVI-Aitta ja Paikallis-S\u00e4hk\u00f6 avaavat yhteisen toimipaikan Sotkamossa - Paikallis S\u00e4hk\u00f6 Oy\" \/>\n<meta property=\"og:url\" content=\"https:\/\/paikallis-sahko.fi\/en\/lvi-aitta-ja-paikallis-sahko-avaavat-yhteisen-toimipaikan-sotkamossa\/\" \/>\n<meta property=\"og:site_name\" content=\"Paikallis S\u00e4hk\u00f6 Oy\" \/>\n<meta property=\"article:publisher\" content=\"https:\/\/www.facebook.com\/p\/Paikallis-Shk-Oy-100063841823277\/\" \/>\n<meta property=\"article:published_time\" content=\"2024-04-29T06:00:00+00:00\" \/>\n<meta property=\"og:image\" content=\"https:\/\/paikallis-sahko.fi\/wp-content\/uploads\/sites\/2\/2024\/04\/QMG-Sotkamo_highres_tiedote-scaled.jpg\" \/>\n\t<meta property=\"og:image:width\" content=\"2560\" \/>\n\t<meta property=\"og:image:height\" content=\"2051\" \/>\n\t<meta property=\"og:image:type\" content=\"image\/jpeg\" \/>\n<meta name=\"author\" content=\"Outi Arola\" \/>\n<meta name=\"twitter:card\" content=\"summary_large_image\" \/>\n<meta name=\"twitter:creator\" content=\"@PSahko\" \/>\n<meta name=\"twitter:site\" content=\"@PSahko\" \/>\n<meta name=\"twitter:label1\" content=\"Written by\" \/>\n\t<meta name=\"twitter:data1\" content=\"Outi Arola\" \/>\n\t<meta name=\"twitter:label2\" content=\"Est. reading time\" \/>\n\t<meta name=\"twitter:data2\" content=\"4 minutes\" \/>\n<script type=\"application\/ld+json\" class=\"yoast-schema-graph\">{\"@context\":\"https:\\\/\\\/schema.org\",\"@graph\":[{\"@type\":\"Article\",\"@id\":\"https:\\\/\\\/paikallis-sahko.fi\\\/en\\\/lvi-aitta-ja-paikallis-sahko-avaavat-yhteisen-toimipaikan-sotkamossa\\\/#article\",\"isPartOf\":{\"@id\":\"https:\\\/\\\/paikallis-sahko.fi\\\/en\\\/lvi-aitta-ja-paikallis-sahko-avaavat-yhteisen-toimipaikan-sotkamossa\\\/\"},\"author\":{\"name\":\"Outi Arola\",\"@id\":\"https:\\\/\\\/paikallis-sahko.fi\\\/en\\\/#\\\/schema\\\/person\\\/bffe8710a5bf67f6400707914fd2d7cc\"},\"headline\":\"LVI-Aitta ja Paikallis-S\u00e4hk\u00f6 avaavat yhteisen toimipaikan Sotkamossa\",\"datePublished\":\"2024-04-29T06:00:00+00:00\",\"mainEntityOfPage\":{\"@id\":\"https:\\\/\\\/paikallis-sahko.fi\\\/en\\\/lvi-aitta-ja-paikallis-sahko-avaavat-yhteisen-toimipaikan-sotkamossa\\\/\"},\"wordCount\":255,\"publisher\":{\"@id\":\"https:\\\/\\\/paikallis-sahko.fi\\\/en\\\/#organization\"},\"image\":{\"@id\":\"https:\\\/\\\/paikallis-sahko.fi\\\/en\\\/lvi-aitta-ja-paikallis-sahko-avaavat-yhteisen-toimipaikan-sotkamossa\\\/#primaryimage\"},\"thumbnailUrl\":\"https:\\\/\\\/paikallis-sahko.fi\\\/wp-content\\\/uploads\\\/sites\\\/2\\\/2024\\\/04\\\/QMG-Sotkamo_highres_tiedote-scaled.jpg\",\"articleSection\":[\"Uncategorized @fi\"],\"inLanguage\":\"en-US\"},{\"@type\":\"WebPage\",\"@id\":\"https:\\\/\\\/paikallis-sahko.fi\\\/en\\\/lvi-aitta-ja-paikallis-sahko-avaavat-yhteisen-toimipaikan-sotkamossa\\\/\",\"url\":\"https:\\\/\\\/paikallis-sahko.fi\\\/en\\\/lvi-aitta-ja-paikallis-sahko-avaavat-yhteisen-toimipaikan-sotkamossa\\\/\",\"name\":\"LVI-Aitta ja Paikallis-S\u00e4hk\u00f6 avaavat yhteisen toimipaikan Sotkamossa - Paikallis S\u00e4hk\u00f6 Oy\",\"isPartOf\":{\"@id\":\"https:\\\/\\\/paikallis-sahko.fi\\\/en\\\/#website\"},\"primaryImageOfPage\":{\"@id\":\"https:\\\/\\\/paikallis-sahko.fi\\\/en\\\/lvi-aitta-ja-paikallis-sahko-avaavat-yhteisen-toimipaikan-sotkamossa\\\/#primaryimage\"},\"image\":{\"@id\":\"https:\\\/\\\/paikallis-sahko.fi\\\/en\\\/lvi-aitta-ja-paikallis-sahko-avaavat-yhteisen-toimipaikan-sotkamossa\\\/#primaryimage\"},\"thumbnailUrl\":\"https:\\\/\\\/paikallis-sahko.fi\\\/wp-content\\\/uploads\\\/sites\\\/2\\\/2024\\\/04\\\/QMG-Sotkamo_highres_tiedote-scaled.jpg\",\"datePublished\":\"2024-04-29T06:00:00+00:00\",\"breadcrumb\":{\"@id\":\"https:\\\/\\\/paikallis-sahko.fi\\\/en\\\/lvi-aitta-ja-paikallis-sahko-avaavat-yhteisen-toimipaikan-sotkamossa\\\/#breadcrumb\"},\"inLanguage\":\"en-US\",\"potentialAction\":[{\"@type\":\"ReadAction\",\"target\":[\"https:\\\/\\\/paikallis-sahko.fi\\\/en\\\/lvi-aitta-ja-paikallis-sahko-avaavat-yhteisen-toimipaikan-sotkamossa\\\/\"]}]},{\"@type\":\"ImageObject\",\"inLanguage\":\"en-US\",\"@id\":\"https:\\\/\\\/paikallis-sahko.fi\\\/en\\\/lvi-aitta-ja-paikallis-sahko-avaavat-yhteisen-toimipaikan-sotkamossa\\\/#primaryimage\",\"url\":\"https:\\\/\\\/paikallis-sahko.fi\\\/wp-content\\\/uploads\\\/sites\\\/2\\\/2024\\\/04\\\/QMG-Sotkamo_highres_tiedote-scaled.jpg\",\"contentUrl\":\"https:\\\/\\\/paikallis-sahko.fi\\\/wp-content\\\/uploads\\\/sites\\\/2\\\/2024\\\/04\\\/QMG-Sotkamo_highres_tiedote-scaled.jpg\",\"width\":2560,\"height\":2051},{\"@type\":\"BreadcrumbList\",\"@id\":\"https:\\\/\\\/paikallis-sahko.fi\\\/en\\\/lvi-aitta-ja-paikallis-sahko-avaavat-yhteisen-toimipaikan-sotkamossa\\\/#breadcrumb\",\"itemListElement\":[{\"@type\":\"ListItem\",\"position\":1,\"name\":\"Etusivu\",\"item\":\"https:\\\/\\\/paikallis-sahko.fi\\\/en\\\/\"},{\"@type\":\"ListItem\",\"position\":2,\"name\":\"LVI-Aitta ja Paikallis-S\u00e4hk\u00f6 avaavat yhteisen toimipaikan Sotkamossa\"}]},{\"@type\":\"WebSite\",\"@id\":\"https:\\\/\\\/paikallis-sahko.fi\\\/en\\\/#website\",\"url\":\"https:\\\/\\\/paikallis-sahko.fi\\\/en\\\/\",\"name\":\"Paikallis S\u00e4hk\u00f6 Oy\",\"description\":\"Me Paikallis-S\u00e4hk\u00f6ll\u00e4 asennamme, huollamme ja modernisoimme Pohjois-Suomen s\u00e4hk\u00f6j\u00e4 yli 150 ammattilaisen voimin.\",\"publisher\":{\"@id\":\"https:\\\/\\\/paikallis-sahko.fi\\\/en\\\/#organization\"},\"potentialAction\":[{\"@type\":\"SearchAction\",\"target\":{\"@type\":\"EntryPoint\",\"urlTemplate\":\"https:\\\/\\\/paikallis-sahko.fi\\\/en\\\/?s={search_term_string}\"},\"query-input\":{\"@type\":\"PropertyValueSpecification\",\"valueRequired\":true,\"valueName\":\"search_term_string\"}}],\"inLanguage\":\"en-US\"},{\"@type\":\"Organization\",\"@id\":\"https:\\\/\\\/paikallis-sahko.fi\\\/en\\\/#organization\",\"name\":\"Paikallis S\u00e4hk\u00f6 Oy\",\"url\":\"https:\\\/\\\/paikallis-sahko.fi\\\/en\\\/\",\"logo\":{\"@type\":\"ImageObject\",\"inLanguage\":\"en-US\",\"@id\":\"https:\\\/\\\/paikallis-sahko.fi\\\/en\\\/#\\\/schema\\\/logo\\\/image\\\/\",\"url\":\"https:\\\/\\\/paikallis-sahko.fi\\\/wp-content\\\/uploads\\\/sites\\\/2\\\/2023\\\/06\\\/Paikallis-sa\u0308hko\u0308-logo-crop.png\",\"contentUrl\":\"https:\\\/\\\/paikallis-sahko.fi\\\/wp-content\\\/uploads\\\/sites\\\/2\\\/2023\\\/06\\\/Paikallis-sa\u0308hko\u0308-logo-crop.png\",\"width\":834,\"height\":229,\"caption\":\"Paikallis S\u00e4hk\u00f6 Oy\"},\"image\":{\"@id\":\"https:\\\/\\\/paikallis-sahko.fi\\\/en\\\/#\\\/schema\\\/logo\\\/image\\\/\"},\"sameAs\":[\"https:\\\/\\\/www.facebook.com\\\/p\\\/Paikallis-Shk-Oy-100063841823277\\\/\",\"https:\\\/\\\/x.com\\\/PSahko\"]},{\"@type\":\"Person\",\"@id\":\"https:\\\/\\\/paikallis-sahko.fi\\\/en\\\/#\\\/schema\\\/person\\\/bffe8710a5bf67f6400707914fd2d7cc\",\"name\":\"Outi Arola\",\"image\":{\"@type\":\"ImageObject\",\"inLanguage\":\"en-US\",\"@id\":\"https:\\\/\\\/secure.gravatar.com\\\/avatar\\\/b5624410aee1acb467693713e249e6ae6878b6552b0c774a693dccd9666b0af5?s=96&d=mm&r=g\",\"url\":\"https:\\\/\\\/secure.gravatar.com\\\/avatar\\\/b5624410aee1acb467693713e249e6ae6878b6552b0c774a693dccd9666b0af5?s=96&d=mm&r=g\",\"contentUrl\":\"https:\\\/\\\/secure.gravatar.com\\\/avatar\\\/b5624410aee1acb467693713e249e6ae6878b6552b0c774a693dccd9666b0af5?s=96&d=mm&r=g\",\"caption\":\"Outi Arola\"}}]}<\/script>\n<!-- \/ Yoast SEO plugin. -->","yoast_head_json":{"title":"LVI-Aitta ja Paikallis-S\u00e4hk\u00f6 avaavat yhteisen toimipaikan Sotkamossa - Paikallis S\u00e4hk\u00f6 Oy","robots":{"index":"index","follow":"follow","max-snippet":"max-snippet:-1","max-image-preview":"max-image-preview:large","max-video-preview":"max-video-preview:-1"},"canonical":"https:\/\/paikallis-sahko.fi\/en\/lvi-aitta-ja-paikallis-sahko-avaavat-yhteisen-toimipaikan-sotkamossa\/","og_locale":"en_US","og_type":"article","og_title":"LVI-Aitta ja Paikallis-S\u00e4hk\u00f6 avaavat yhteisen toimipaikan Sotkamossa - Paikallis S\u00e4hk\u00f6 Oy","og_url":"https:\/\/paikallis-sahko.fi\/en\/lvi-aitta-ja-paikallis-sahko-avaavat-yhteisen-toimipaikan-sotkamossa\/","og_site_name":"Paikallis S\u00e4hk\u00f6 Oy","article_publisher":"https:\/\/www.facebook.com\/p\/Paikallis-Shk-Oy-100063841823277\/","article_published_time":"2024-04-29T06:00:00+00:00","og_image":[{"width":2560,"height":2051,"url":"https:\/\/paikallis-sahko.fi\/wp-content\/uploads\/sites\/2\/2024\/04\/QMG-Sotkamo_highres_tiedote-scaled.jpg","type":"image\/jpeg"}],"author":"Outi Arola","twitter_card":"summary_large_image","twitter_creator":"@PSahko","twitter_site":"@PSahko","twitter_misc":{"Written by":"Outi Arola","Est. reading time":"4 minutes"},"schema":{"@context":"https:\/\/schema.org","@graph":[{"@type":"Article","@id":"https:\/\/paikallis-sahko.fi\/en\/lvi-aitta-ja-paikallis-sahko-avaavat-yhteisen-toimipaikan-sotkamossa\/#article","isPartOf":{"@id":"https:\/\/paikallis-sahko.fi\/en\/lvi-aitta-ja-paikallis-sahko-avaavat-yhteisen-toimipaikan-sotkamossa\/"},"author":{"name":"Outi Arola","@id":"https:\/\/paikallis-sahko.fi\/en\/#\/schema\/person\/bffe8710a5bf67f6400707914fd2d7cc"},"headline":"LVI-Aitta ja Paikallis-S\u00e4hk\u00f6 avaavat yhteisen toimipaikan Sotkamossa","datePublished":"2024-04-29T06:00:00+00:00","mainEntityOfPage":{"@id":"https:\/\/paikallis-sahko.fi\/en\/lvi-aitta-ja-paikallis-sahko-avaavat-yhteisen-toimipaikan-sotkamossa\/"},"wordCount":255,"publisher":{"@id":"https:\/\/paikallis-sahko.fi\/en\/#organization"},"image":{"@id":"https:\/\/paikallis-sahko.fi\/en\/lvi-aitta-ja-paikallis-sahko-avaavat-yhteisen-toimipaikan-sotkamossa\/#primaryimage"},"thumbnailUrl":"https:\/\/paikallis-sahko.fi\/wp-content\/uploads\/sites\/2\/2024\/04\/QMG-Sotkamo_highres_tiedote-scaled.jpg","articleSection":["Uncategorized @fi"],"inLanguage":"en-US"},{"@type":"WebPage","@id":"https:\/\/paikallis-sahko.fi\/en\/lvi-aitta-ja-paikallis-sahko-avaavat-yhteisen-toimipaikan-sotkamossa\/","url":"https:\/\/paikallis-sahko.fi\/en\/lvi-aitta-ja-paikallis-sahko-avaavat-yhteisen-toimipaikan-sotkamossa\/","name":"LVI-Aitta ja Paikallis-S\u00e4hk\u00f6 avaavat yhteisen toimipaikan Sotkamossa - Paikallis S\u00e4hk\u00f6 Oy","isPartOf":{"@id":"https:\/\/paikallis-sahko.fi\/en\/#website"},"primaryImageOfPage":{"@id":"https:\/\/paikallis-sahko.fi\/en\/lvi-aitta-ja-paikallis-sahko-avaavat-yhteisen-toimipaikan-sotkamossa\/#primaryimage"},"image":{"@id":"https:\/\/paikallis-sahko.fi\/en\/lvi-aitta-ja-paikallis-sahko-avaavat-yhteisen-toimipaikan-sotkamossa\/#primaryimage"},"thumbnailUrl":"https:\/\/paikallis-sahko.fi\/wp-content\/uploads\/sites\/2\/2024\/04\/QMG-Sotkamo_highres_tiedote-scaled.jpg","datePublished":"2024-04-29T06:00:00+00:00","breadcrumb":{"@id":"https:\/\/paikallis-sahko.fi\/en\/lvi-aitta-ja-paikallis-sahko-avaavat-yhteisen-toimipaikan-sotkamossa\/#breadcrumb"},"inLanguage":"en-US","potentialAction":[{"@type":"ReadAction","target":["https:\/\/paikallis-sahko.fi\/en\/lvi-aitta-ja-paikallis-sahko-avaavat-yhteisen-toimipaikan-sotkamossa\/"]}]},{"@type":"ImageObject","inLanguage":"en-US","@id":"https:\/\/paikallis-sahko.fi\/en\/lvi-aitta-ja-paikallis-sahko-avaavat-yhteisen-toimipaikan-sotkamossa\/#primaryimage","url":"https:\/\/paikallis-sahko.fi\/wp-content\/uploads\/sites\/2\/2024\/04\/QMG-Sotkamo_highres_tiedote-scaled.jpg","contentUrl":"https:\/\/paikallis-sahko.fi\/wp-content\/uploads\/sites\/2\/2024\/04\/QMG-Sotkamo_highres_tiedote-scaled.jpg","width":2560,"height":2051},{"@type":"BreadcrumbList","@id":"https:\/\/paikallis-sahko.fi\/en\/lvi-aitta-ja-paikallis-sahko-avaavat-yhteisen-toimipaikan-sotkamossa\/#breadcrumb","itemListElement":[{"@type":"ListItem","position":1,"name":"Etusivu","item":"https:\/\/paikallis-sahko.fi\/en\/"},{"@type":"ListItem","position":2,"name":"LVI-Aitta ja Paikallis-S\u00e4hk\u00f6 avaavat yhteisen toimipaikan Sotkamossa"}]},{"@type":"WebSite","@id":"https:\/\/paikallis-sahko.fi\/en\/#website","url":"https:\/\/paikallis-sahko.fi\/en\/","name":"Paikallis S\u00e4hk\u00f6 Oy","description":"Me Paikallis-S\u00e4hk\u00f6ll\u00e4 asennamme, huollamme ja modernisoimme Pohjois-Suomen s\u00e4hk\u00f6j\u00e4 yli 150 ammattilaisen voimin.","publisher":{"@id":"https:\/\/paikallis-sahko.fi\/en\/#organization"},"potentialAction":[{"@type":"SearchAction","target":{"@type":"EntryPoint","urlTemplate":"https:\/\/paikallis-sahko.fi\/en\/?s={search_term_string}"},"query-input":{"@type":"PropertyValueSpecification","valueRequired":true,"valueName":"search_term_string"}}],"inLanguage":"en-US"},{"@type":"Organization","@id":"https:\/\/paikallis-sahko.fi\/en\/#organization","name":"Paikallis S\u00e4hk\u00f6 Oy","url":"https:\/\/paikallis-sahko.fi\/en\/","logo":{"@type":"ImageObject","inLanguage":"en-US","@id":"https:\/\/paikallis-sahko.fi\/en\/#\/schema\/logo\/image\/","url":"https:\/\/paikallis-sahko.fi\/wp-content\/uploads\/sites\/2\/2023\/06\/Paikallis-sa\u0308hko\u0308-logo-crop.png","contentUrl":"https:\/\/paikallis-sahko.fi\/wp-content\/uploads\/sites\/2\/2023\/06\/Paikallis-sa\u0308hko\u0308-logo-crop.png","width":834,"height":229,"caption":"Paikallis S\u00e4hk\u00f6 Oy"},"image":{"@id":"https:\/\/paikallis-sahko.fi\/en\/#\/schema\/logo\/image\/"},"sameAs":["https:\/\/www.facebook.com\/p\/Paikallis-Shk-Oy-100063841823277\/","https:\/\/x.com\/PSahko"]},{"@type":"Person","@id":"https:\/\/paikallis-sahko.fi\/en\/#\/schema\/person\/bffe8710a5bf67f6400707914fd2d7cc","name":"Outi Arola","image":{"@type":"ImageObject","inLanguage":"en-US","@id":"https:\/\/secure.gravatar.com\/avatar\/b5624410aee1acb467693713e249e6ae6878b6552b0c774a693dccd9666b0af5?s=96&d=mm&r=g","url":"https:\/\/secure.gravatar.com\/avatar\/b5624410aee1acb467693713e249e6ae6878b6552b0c774a693dccd9666b0af5?s=96&d=mm&r=g","contentUrl":"https:\/\/secure.gravatar.com\/avatar\/b5624410aee1acb467693713e249e6ae6878b6552b0c774a693dccd9666b0af5?s=96&d=mm&r=g","caption":"Outi Arola"}}]}},"_links":{"self":[{"href":"https:\/\/paikallis-sahko.fi\/en\/wp-json\/wp\/v2\/posts\/1786","targetHints":{"allow":["GET"]}}],"collection":[{"href":"https:\/\/paikallis-sahko.fi\/en\/wp-json\/wp\/v2\/posts"}],"about":[{"href":"https:\/\/paikallis-sahko.fi\/en\/wp-json\/wp\/v2\/types\/post"}],"author":[{"embeddable":true,"href":"https:\/\/paikallis-sahko.fi\/en\/wp-json\/wp\/v2\/users\/2"}],"replies":[{"embeddable":true,"href":"https:\/\/paikallis-sahko.fi\/en\/wp-json\/wp\/v2\/comments?post=1786"}],"version-history":[{"count":1,"href":"https:\/\/paikallis-sahko.fi\/en\/wp-json\/wp\/v2\/posts\/1786\/revisions"}],"predecessor-version":[{"id":1789,"href":"https:\/\/paikallis-sahko.fi\/en\/wp-json\/wp\/v2\/posts\/1786\/revisions\/1789"}],"wp:featuredmedia":[{"embeddable":true,"href":"https:\/\/paikallis-sahko.fi\/en\/wp-json\/wp\/v2\/media\/1787"}],"wp:attachment":[{"href":"https:\/\/paikallis-sahko.fi\/en\/wp-json\/wp\/v2\/media?parent=1786"}],"wp:term":[{"taxonomy":"category","embeddable":true,"href":"https:\/\/paikallis-sahko.fi\/en\/wp-json\/wp\/v2\/categories?post=1786"},{"taxonomy":"keywords","embeddable":true,"href":"https:\/\/paikallis-sahko.fi\/en\/wp-json\/wp\/v2\/keywords?post=1786"}],"curies":[{"name":"wp","href":"https:\/\/api.w.org\/{rel}","templated":true}]}}